{"id":416426,"date":"2016-08-07T16:47:05","date_gmt":"2016-08-07T21:47:05","guid":{"rendered":"http:\/\/www.futboltotal.com.mx\/?p=416426"},"modified":"2016-08-07T16:47:05","modified_gmt":"2016-08-07T21:47:05","slug":"viento-me-jugo-una-treta-alfredo-talavera","status":"publish","type":"post","link":"http:\/\/desarrollo.grupomedios.com\/futbol\/videos\/viento-me-jugo-una-treta-alfredo-talavera\/2016\/08","title":{"rendered":"El viento me jug\u00f3 una treta: Alfredo Talavera"},"content":{"rendered":"<p>A la <a href=\"http:\/\/futboltotal.com.mx\/futbol-mexicano\/seleccion-mexicana\/\" target=\"_blank\"><strong>Selecci\u00f3n Mexicana Sub-23<\/strong><\/a>, se le complic\u00f3 ganarle a <strong>Fiji<\/strong> debido a un gol que recibi\u00f3 en la primera parte, que hizo que se rompiera toda la planeaci\u00f3n y estado an\u00edmico tricolor, sobre todo, porque la anotaci\u00f3n se dio por un error de Carlos Salcedo y <strong>Alfredo Talavera<\/strong>, pero principalmente, del cancerbero nacional.<\/p>\n<p><strong>Alfredo Talavera<\/strong> no midi\u00f3 correctamente el bal\u00f3n y entonces Roy Krishna lo tech\u00f3 con un remate de cabeza, para abrir el marcador, que termin\u00f3, para fortuna del <em>TRI<\/em> Ol\u00edmpico, en victoria de 5-1.<\/p>\n<p style=\"text-align: center;\"><span style=\"color: #3366ff;\"><a style=\"color: #3366ff;\" href=\"http:\/\/www.futboltotal.com.mx\/2016\/08\/mexico-sufre-pero-golea-a-fiji-en-jo\/\" target=\"_blank\"><strong>LEER M\u00c1S: La complicad goleada del TRI<\/strong><\/a><\/span><\/p>\n<blockquote class=\"twitter-tweet\" data-lang=\"es\">\n<p dir=\"ltr\" lang=\"es\">El gol de FIJI <a href=\"https:\/\/t.co\/PctecTq2pX\">pic.twitter.com\/PctecTq2pX<\/a><\/p>\n<p>\u2014 Iv\u00e1n (@ivanzapi20) <a href=\"https:\/\/twitter.com\/ivanzapi20\/status\/762332194463444992\">7 de agosto de 2016<\/a><\/p><\/blockquote>\n<p><script src=\"\/\/platform.twitter.com\/widgets.js\" async=\"\" charset=\"utf-8\"><\/script><\/p>\n<p>Tras culminar el encuentro, el portero se\u00f1al\u00f3 que el viento le puso una trampa, ya que entre el efecto que llevaba el esf\u00e9rico y la condici\u00f3n clim\u00e1tica, provocaron que <strong>Alfredo Talavera<\/strong> cometiera un error garrafal.<\/p>\n<p>&#8220;Es una pelota que la esperaba pr\u00e1cticamente en el \u00e1rea, pero entre el efecto y las condiciones del viento me jugaron una mala pasada. Es parte del futbol y lo bueno es que el equipo reaccion\u00f3\u201d, explic\u00f3 <strong>Alfredo Talavera<\/strong>.<\/p>\n","protected":false},"excerpt":{"rendered":"<p>El cancerbero se\u00f1ala que el gol de Fiji tuvo como c\u00f3mplice al clima<\/p>\n","protected":false},"author":20,"featured_media":416331,"comment_status":"closed","ping_status":"closed","sticky":false,"template":"","format":"standard","meta":[],"categories":[2198,7186,7182,3847,4],"tags":[1617,1911,142],"_links":{"self":[{"href":"http:\/\/desarrollo.grupomedios.com\/futbol\/wp-json\/wp\/v2\/posts\/416426"}],"collection":[{"href":"http:\/\/desarrollo.grupomedios.com\/futbol\/wp-json\/wp\/v2\/posts"}],"about":[{"href":"http:\/\/desarrollo.grupomedios.com\/futbol\/wp-json\/wp\/v2\/types\/post"}],"author":[{"embeddable":true,"href":"http:\/\/desarrollo.grupomedios.com\/futbol\/wp-json\/wp\/v2\/users\/20"}],"replies":[{"embeddable":true,"href":"http:\/\/desarrollo.grupomedios.com\/futbol\/wp-json\/wp\/v2\/comments?post=416426"}],"version-history":[{"count":0,"href":"http:\/\/desarrollo.grupomedios.com\/futbol\/wp-json\/wp\/v2\/posts\/416426\/revisions"}],"wp:featuredmedia":[{"embeddable":true,"href":"http:\/\/desarrollo.grupomedios.com\/futbol\/wp-json\/wp\/v2\/media\/416331"}],"wp:attachment":[{"href":"http:\/\/desarrollo.grupomedios.com\/futbol\/wp-json\/wp\/v2\/media?parent=416426"}],"wp:term":[{"taxonomy":"category","embeddable":true,"href":"http:\/\/desarrollo.grupomedios.com\/futbol\/wp-json\/wp\/v2\/categories?post=416426"},{"taxonomy":"post_tag","embeddable":true,"href":"http:\/\/desarrollo.grupomedios.com\/futbol\/wp-json\/wp\/v2\/tags?post=416426"}],"curies":[{"name":"wp","href":"https:\/\/api.w.org\/{rel}","templated":true}]}}