{"id":416583,"date":"2016-08-08T05:03:34","date_gmt":"2016-08-08T10:03:34","guid":{"rendered":"http:\/\/www.futboltotal.com.mx\/?p=416583"},"modified":"2016-08-08T08:32:25","modified_gmt":"2016-08-08T13:32:25","slug":"11-ideal-la-jornada-4-del-apertura-2016","status":"publish","type":"post","link":"http:\/\/desarrollo.grupomedios.com\/futbol\/destacado-home\/11-ideal-la-jornada-4-del-apertura-2016\/2016\/08","title":{"rendered":"11 ideal de la jornada 4 | Apertura 2016"},"content":{"rendered":"<p>La <strong>jornada 4 del Apertura 2016<\/strong>, se llev\u00f3 a cabo con algunas sorpresas, entre ellas, la voltereta de <a href=\"http:\/\/futboltotal.com.mx\/equipos\/america\/\" target=\"_blank\"><strong>Am\u00e9rica<\/strong> <\/a>sobre <a href=\"http:\/\/futboltotal.com.mx\/equipos\/veracruz\/\" target=\"_blank\"><strong>Veracruz<\/strong><\/a> en el Puerto, y la derrota de <a href=\"http:\/\/futboltotal.com.mx\/equipos\/cruz-azul\/\" target=\"_blank\"><strong>Cruz Azul<\/strong><\/a> en casa frente a <a href=\"http:\/\/futboltotal.com.mx\/equipos\/tijuana\/\" target=\"_blank\"><strong>Xolos<\/strong><\/a>; pero esos y otros resultados, no se habr\u00edan dado de no ser por los hombres m\u00e1s destacados en su respectiva posici\u00f3n, quienes le dan forma a este <strong>11 ideal<\/strong>:<\/p>\n<p style=\"text-align: center;\"><span style=\"color: #3366ff;\"><a style=\"color: #3366ff;\" href=\"http:\/\/www.futboltotal.com.mx\/2016\/08\/tijuana-asume-liderato-del-apertura-colombiano-dayro-moreno-goleador\/\" target=\"_blank\"><strong>LEER M\u00c1S: El Resumen de la jornada 4<\/strong><\/a><\/span><\/p>\n<p><a href=\"http:\/\/www.futboltotal.com.mx\/wp-content\/uploads\/2016\/08\/11idealap16-jornada-4_opt.jpg\"><img decoding=\"async\" loading=\"lazy\" class=\"size-full wp-image-416584 aligncenter\" src=\"http:\/\/www.futboltotal.com.mx\/wp-content\/uploads\/2016\/08\/11idealap16-jornada-4_opt.jpg\" alt=\"11idealap16-jornada-4_opt\" srcset=\"http:\/\/desarrollo.grupomedios.com\/futbol\/wp-content\/uploads\/2016\/08\/11idealap16-jornada-4_opt.jpg 550w, http:\/\/desarrollo.grupomedios.com\/futbol\/wp-content\/uploads\/2016\/08\/11idealap16-jornada-4_opt-215x300.jpg 215w\" sizes=\"(max-width: 550px) 100vw, 550px\" \/><\/a><\/p>\n<p><strong>Agust\u00edn Marches\u00edn | <a href=\"http:\/\/futboltotal.com.mx\/equipos\/santos\/\" target=\"_blank\">Santos<\/a><\/strong> | Gran tarde tuvo el guardameta frente a Puebla, para evitar la ca\u00edda de su equipo, incluso se lastim\u00f3 al salvar a su equipo y tuvo que continuar en el campo como delantero.<\/p>\n<p><strong>Gerardo Rodr\u00edguez | <a href=\"http:\/\/futboltotal.com.mx\/equipos\/toluca\/\" target=\"_blank\">Toluca<\/a><\/strong> | El lateral fue de lo m\u00e1s sobresaliente de los <em>Diablos<\/em>, suficiente para conseguir la victoria sobre el Pachuca y terminar con el invicto de los <em>Tuzos<\/em>.<\/p>\n<p><strong>Kristian \u00c1lvarez | Santos<\/strong> | Tuvo una buena actuaci\u00f3n frente a Puebla y cuando le toc\u00f3 jugar de portero por la lesi\u00f3n de Agust\u00edn Marches\u00edn, el zaguero no sinti\u00f3 temor y hasta tuvo una salida donde rechaz\u00f3 el esf\u00e9rico.<\/p>\n<p><strong>Miguel Mart\u00ednez | <a href=\"http:\/\/futboltotal.com.mx\/equipos\/queretaro\/\" target=\"_blank\">Quer\u00e9taro<\/a><\/strong> | Que Chivas no pudiera vencer a los <em>Gallos<\/em>, se debi\u00f3 en gran parte, al trabajo del zaguero.<\/p>\n<p><strong>Osmar Mares | Am\u00e9rica<\/strong> | Particip\u00f3 notablemente en la remontada sobre el Veracruz, incluso tuvo que ver con el gol de la igualada.<\/p>\n<p><strong>Juan Pablo Rodr\u00edguez | <a href=\"http:\/\/futboltotal.com.mx\/equipos\/morelia\/\" target=\"_blank\">Morelia<\/a><\/strong> | Sigue siendo un capit\u00e1n sumamente confiable, pese a la veteran\u00eda, y frente al Atlas, marc\u00f3 un golazo, como suele hacerlo cuando anota.<\/p>\n<p><strong>Javier Aquino | <a href=\"http:\/\/futboltotal.com.mx\/equipos\/tigres\/\" target=\"_blank\">Tigres<\/a><\/strong> | Volvi\u00f3 a ser determinante con la escuadra felina, en esta ocasi\u00f3n, al dar la asistencia para el gol de la victoria.<\/p>\n<p><strong>Edson Puch | <a href=\"http:\/\/futboltotal.com.mx\/equipos\/necaxa\/\" target=\"_blank\">Necaxa<\/a><\/strong> | Cada partido ha demostrado ser la mejor contrataci\u00f3n de los <em>Rayos<\/em>, hasta el momento, y con un gol de buena t\u00e9cnica, ayud\u00f3 a su equipo a sumar puntos.<\/p>\n<p><strong>Silvio Romero | Am\u00e9rica<\/strong> | Un doblete del argentino, permiti\u00f3 que las <em>\u00c1guilas<\/em> empataran y luego remontaran en Veracruz.<\/p>\n<p><strong>Dayro Moreno | Xolos<\/strong> | El delantero anot\u00f3 el gol con el que sentenciaron la victoria sobre la <em>M\u00e1quina<\/em> en el estadio Azul, y as\u00ed, se coloc\u00f3 como el l\u00edder de goleo del certamen.<\/p>\n<p><strong>Rogelio Funes Mori | <a href=\"http:\/\/futboltotal.com.mx\/equipos\/monterrey\/\" target=\"_blank\">Monterrey<\/a><\/strong> | Con triplete, el argentino levant\u00f3 la mano para avisar que ya est\u00e1 al ciento por ciento para anotar y ayudar a su equipo a sumar.<\/p>\n","protected":false},"excerpt":{"rendered":"<p>Rogelio Funes Mori y los hombres m\u00e1s sobresalientes<\/p>\n","protected":false},"author":20,"featured_media":416585,"comment_status":"closed","ping_status":"closed","sticky":false,"template":"","format":"standard","meta":[],"categories":[5,2198,3845],"tags":[5623,6927],"_links":{"self":[{"href":"http:\/\/desarrollo.grupomedios.com\/futbol\/wp-json\/wp\/v2\/posts\/416583"}],"collection":[{"href":"http:\/\/desarrollo.grupomedios.com\/futbol\/wp-json\/wp\/v2\/posts"}],"about":[{"href":"http:\/\/desarrollo.grupomedios.com\/futbol\/wp-json\/wp\/v2\/types\/post"}],"author":[{"embeddable":true,"href":"http:\/\/desarrollo.grupomedios.com\/futbol\/wp-json\/wp\/v2\/users\/20"}],"replies":[{"embeddable":true,"href":"http:\/\/desarrollo.grupomedios.com\/futbol\/wp-json\/wp\/v2\/comments?post=416583"}],"version-history":[{"count":0,"href":"http:\/\/desarrollo.grupomedios.com\/futbol\/wp-json\/wp\/v2\/posts\/416583\/revisions"}],"wp:featuredmedia":[{"embeddable":true,"href":"http:\/\/desarrollo.grupomedios.com\/futbol\/wp-json\/wp\/v2\/media\/416585"}],"wp:attachment":[{"href":"http:\/\/desarrollo.grupomedios.com\/futbol\/wp-json\/wp\/v2\/media?parent=416583"}],"wp:term":[{"taxonomy":"category","embeddable":true,"href":"http:\/\/desarrollo.grupomedios.com\/futbol\/wp-json\/wp\/v2\/categories?post=416583"},{"taxonomy":"post_tag","embeddable":true,"href":"http:\/\/desarrollo.grupomedios.com\/futbol\/wp-json\/wp\/v2\/tags?post=416583"}],"curies":[{"name":"wp","href":"https:\/\/api.w.org\/{rel}","templated":true}]}}