{"id":416595,"date":"2016-08-08T09:23:59","date_gmt":"2016-08-08T14:23:59","guid":{"rendered":"http:\/\/www.futboltotal.com.mx\/?p=416595"},"modified":"2016-08-08T21:16:14","modified_gmt":"2016-08-09T02:16:14","slug":"michael-phelps-estados-unidos-natacion-rio-2016","status":"publish","type":"post","link":"http:\/\/desarrollo.grupomedios.com\/futbol\/juegos-olimpicos-2016\/michael-phelps-estados-unidos-natacion-rio-2016\/2016\/08","title":{"rendered":"Michael Phelps y EU, dominan nataci\u00f3n en R\u00edo"},"content":{"rendered":"<p>El nadador estadounidense <strong>Michael Phelps<\/strong>, el deportista m\u00e1s laureado en la historia de los <strong>Juegos Ol\u00edmpicos<\/strong>, agigant\u00f3 este domingo su leyenda, tras conquistar su vig\u00e9simo tercera medalla, la decimonovena de oro, tras conducir al triunfo al equipo norteamericano en la final del relevo 4&#215;100 libre.<\/p>\n<p>Una gesta que ratifica la condici\u00f3n de <strong>Phelps<\/strong> como rey indiscutible de la nataci\u00f3n, un t\u00edtulo por el que pelean en la categor\u00eda femenina la tambi\u00e9n estadounidense Katie Ledecky, que hoy respondi\u00f3 al reto lanzado por la h\u00fangara Katinka Hosszu, con un oro en la prueba de lo 400 libre con r\u00e9cord del mundo incluido.<\/p>\n<blockquote class=\"twitter-tweet\" data-lang=\"es\">\n<p dir=\"ltr\" lang=\"es\">Como pez en el agua, <a href=\"https:\/\/twitter.com\/MichaelPhelps\">@MichaelPhelps<\/a> ha vuelto! <a href=\"https:\/\/twitter.com\/hashtag\/Natacion?src=hash\">#Natacion<\/a> <a href=\"https:\/\/twitter.com\/hashtag\/Rio2016?src=hash\">#Rio2016<\/a> <a href=\"https:\/\/t.co\/zMQweRS119\">pic.twitter.com\/zMQweRS119<\/a><\/p>\n<p>\u2014 Rio 2016 (@rio2016_es) <a href=\"https:\/\/twitter.com\/rio2016_es\/status\/762485801397526530\">8 de agosto de 2016<\/a><\/p><\/blockquote>\n<p><script src=\"\/\/platform.twitter.com\/widgets.js\" async=\"\" charset=\"utf-8\"><\/script><\/p>\n<p>Plusmarca mundial con la que <strong>Phelps<\/strong> no pudo adornar el oro que logr\u00f3 en el relevo 4&#215;100, un detalle que qued\u00f3 en un segundo plano para los norteamericanos, tras recuperar la corona que les arrebat\u00f3 hace cuatro a\u00f1os el equipo franc\u00e9s en los Juegos de Londres.<\/p>\n<p>El cuarteto norteamericano, integrado por Caeleb Dressel, <strong>Michael Phelps<\/strong>, Ryan Held y Nathan Adrian, que firm\u00f3 un tiempo de 3:09.92, aventaj\u00f3 en 61 cent\u00e9simas al conjunto galo que tras firmar un crono de 3:10.53, tuvo que conformarse, como ya ocurriera en Pek\u00edn 2008, con la medalla de plata.<\/p>\n<p><img decoding=\"async\" loading=\"lazy\" class=\"alignnone size-full wp-image-416600\" src=\"http:\/\/www.futboltotal.com.mx\/wp-content\/uploads\/2016\/08\/estados-unidos-oro-natacion.jpg\" alt=\"estados-unidos-oro-natacion\" srcset=\"http:\/\/desarrollo.grupomedios.com\/futbol\/wp-content\/uploads\/2016\/08\/estados-unidos-oro-natacion.jpg 858w, http:\/\/desarrollo.grupomedios.com\/futbol\/wp-content\/uploads\/2016\/08\/estados-unidos-oro-natacion-300x151.jpg 300w, http:\/\/desarrollo.grupomedios.com\/futbol\/wp-content\/uploads\/2016\/08\/estados-unidos-oro-natacion-768x386.jpg 768w, http:\/\/desarrollo.grupomedios.com\/futbol\/wp-content\/uploads\/2016\/08\/estados-unidos-oro-natacion-340x171.jpg 340w\" sizes=\"(max-width: 858px) 100vw, 858px\" \/><\/p>\n<p>Complet\u00f3 el podio el equipo de Australia, que gracias a una gran posta final de Cameron McEvoy, logr\u00f3 arrebatar con una marca de 3:11.37 el \u00faltimo escal\u00f3n del podio a Rusia<\/p>\n<p>Un oro que tambi\u00e9n colg\u00f3 del cuello de <strong>Katie Ledecky<\/strong>, que con su triunfo en los 400 libre dio el primer paso en su intento de emular los tres oros que logr\u00f3 su compatriota Debbie Meyer en los 200, 400 y 800 libre en los Juegos de M\u00e9xico 1968, al proclamarse campeona ol\u00edmpica del doble hect\u00f3metro.<\/p>\n<blockquote class=\"twitter-tweet\" data-lang=\"es\"><p>\nEso que sucede cuando tienes a un <a href=\"https:\/\/twitter.com\/MichaelPhelps\">@MichaelPhelps<\/a> en el equipo! <a href=\"https:\/\/twitter.com\/hashtag\/USA?src=hash\">#USA<\/a> se lleva la final de 4&#215;100 <a href=\"https:\/\/twitter.com\/hashtag\/Natacion?src=hash\">#Natacion<\/a> <a href=\"https:\/\/t.co\/SJiO6fOkhx\">pic.twitter.com\/SJiO6fOkhx<\/a><\/p>\n<p>\u2014 Rio 2016 (@rio2016_es) <a href=\"https:\/\/twitter.com\/rio2016_es\/status\/762484768579526657\">8 de agosto de 2016<\/a>\n<\/p><\/blockquote>\n<p><script src=\"\/\/platform.twitter.com\/widgets.js\" async=\"\" charset=\"utf-8\"><\/script><\/p>\n<p>Para ello, la nadadora estadounidense, de tan s\u00f3lo 19 a\u00f1os, tuvo que rebajar en casi dos segundos el r\u00e9cord del Mundo que ella misma pose\u00eda con un crono de 3:58.37 desde los Pan Pacifics disputados en 2014 en Australia, al firmar hoy en el estadio acu\u00e1tico de <strong>R\u00edo<\/strong> un crono de 3:56.46.<\/p>\n<p>Una marca que no s\u00f3lo sirvi\u00f3 para convertir a Ledecky en la primera mujer en la historia en bajar de lo 3:57 minutos, sino adem\u00e1s para imponerse con absoluta claridad a todas sus rivales en una final que la estadounidense nad\u00f3 pr\u00e1cticamente en solitario.<\/p>\n<p><img decoding=\"async\" loading=\"lazy\" class=\"alignnone size-full wp-image-416601\" src=\"http:\/\/www.futboltotal.com.mx\/wp-content\/uploads\/2016\/08\/katie-ledecky-rio-2016.jpg\" alt=\"katie-ledecky-rio-2016\" srcset=\"http:\/\/desarrollo.grupomedios.com\/futbol\/wp-content\/uploads\/2016\/08\/katie-ledecky-rio-2016.jpg 858w, http:\/\/desarrollo.grupomedios.com\/futbol\/wp-content\/uploads\/2016\/08\/katie-ledecky-rio-2016-300x151.jpg 300w, http:\/\/desarrollo.grupomedios.com\/futbol\/wp-content\/uploads\/2016\/08\/katie-ledecky-rio-2016-768x386.jpg 768w, http:\/\/desarrollo.grupomedios.com\/futbol\/wp-content\/uploads\/2016\/08\/katie-ledecky-rio-2016-340x171.jpg 340w\" sizes=\"(max-width: 858px) 100vw, 858px\" \/><\/p>\n<p>Tal y como atestiguan los 4,77 segundos en los que aventaj\u00f3 a la segunda clasificada, la brit\u00e1nica Jazz Carlin que se colg\u00f3 la plata con un tiempo de 4:01.23, y los 5.46 en que distanci\u00f3 a su compatriota Leah Smith, bronce con un registro de 4:01.92.<\/p>\n<p>Un aplastante triunfo que permiti\u00f3 a Ledecky, que ya se proclam\u00f3 campeona ol\u00edmpica hace cuatro a\u00f1os en Londres en los 800 libre, sumar su segunda medalla, la primera de oro, en <strong>R\u00edo<\/strong>, tras la plata que logr\u00f3 el s\u00e1bado con el relevo estadounidense de 4&#215;100 libre.<\/p>\n<p>Palmar\u00e9s ol\u00edmpico que hoy logr\u00f3 estrenar la sueca Sarah Sjostrom, que sum\u00f3 su primera medalla en uno Juegos, tras colgarse este domingo el oro en la final de los 100 mariposa con r\u00e9cord del mundo incluido.<\/p>\n<p>Sjostrom, que se impuso con un crono de 55.48 segundos, rebaj\u00f3 en 16 cent\u00e9simas la anterior plusmarca universal que ella misma pose\u00eda con un tiempo de 55.64 desde los Mundiales disputados en agosto de 2015 en la ciudad rusa de Kaz\u00e1n.<\/p>\n<p><img decoding=\"async\" loading=\"lazy\" class=\"alignnone size-full wp-image-416602\" src=\"http:\/\/www.futboltotal.com.mx\/wp-content\/uploads\/2016\/08\/Sarah-Sjostrom-rio.jpg\" alt=\"Sarah-Sjostrom-rio\" srcset=\"http:\/\/desarrollo.grupomedios.com\/futbol\/wp-content\/uploads\/2016\/08\/Sarah-Sjostrom-rio.jpg 858w, http:\/\/desarrollo.grupomedios.com\/futbol\/wp-content\/uploads\/2016\/08\/Sarah-Sjostrom-rio-300x151.jpg 300w, http:\/\/desarrollo.grupomedios.com\/futbol\/wp-content\/uploads\/2016\/08\/Sarah-Sjostrom-rio-768x386.jpg 768w, http:\/\/desarrollo.grupomedios.com\/futbol\/wp-content\/uploads\/2016\/08\/Sarah-Sjostrom-rio-340x171.jpg 340w\" sizes=\"(max-width: 858px) 100vw, 858px\" \/><\/p>\n<p>Una marca que permiti\u00f3 a la escandinava, que lleg\u00f3 a <strong>R\u00edo<\/strong> como vigente campeona del Mundo y de Europa, superar a la canadiense Penny Oleksiak, que se colg\u00f3 la plata, y a la estadounidense Dana Vollmer, oro hace cuatro a\u00f1os en Londres y que hoy se tuvo que conformar con el bronce.<\/p>\n<p>Igualmente logr\u00f3 completar la triple corona el brit\u00e1nico Adam Peaty que a\u00f1adi\u00f3 hoy a los t\u00edtulos de campe\u00f3n del Mundo y de Europa, el oro en los <strong>Juegos Ol\u00edmpicos<\/strong>, tras imponerse en la final de los 100 braza con un tiempo de 57.13 segundos, nuevo r\u00e9cord del mundo.<\/p>\n<p>Peaty, que cumplir\u00e1 22 a\u00f1os el pr\u00f3ximo mes de diciembre, rebaj\u00f3 en 42 cent\u00e9simas, la plusmarca mundial que \u00e9l mismo estableci\u00f3 ayer con un crono 57.55 en las preliminares.<\/p>\n<p>Un tiempo que permiti\u00f3 al joven brit\u00e1nico superar con claridad al sudafricano Cameron Van der Burgh, campe\u00f3n hace cuatro a\u00f1os en Londres y que hoy tuvo que conformarse con la plata tras tocar la pared 1.56 segundos despu\u00e9s que Peaty, y al estadounidense Cody Miller, que subi\u00f3 al tercer escal\u00f3n del podio.EFE<\/p>\n","protected":false},"excerpt":{"rendered":"<p>El multicampe\u00f3n conquista el podio y gana su medalla n\u00famero 19<\/p>\n","protected":false},"author":20,"featured_media":416603,"comment_status":"closed","ping_status":"closed","sticky":false,"template":"","format":"standard","meta":[],"categories":[7185,7182,7188],"tags":[1911],"_links":{"self":[{"href":"http:\/\/desarrollo.grupomedios.com\/futbol\/wp-json\/wp\/v2\/posts\/416595"}],"collection":[{"href":"http:\/\/desarrollo.grupomedios.com\/futbol\/wp-json\/wp\/v2\/posts"}],"about":[{"href":"http:\/\/desarrollo.grupomedios.com\/futbol\/wp-json\/wp\/v2\/types\/post"}],"author":[{"embeddable":true,"href":"http:\/\/desarrollo.grupomedios.com\/futbol\/wp-json\/wp\/v2\/users\/20"}],"replies":[{"embeddable":true,"href":"http:\/\/desarrollo.grupomedios.com\/futbol\/wp-json\/wp\/v2\/comments?post=416595"}],"version-history":[{"count":0,"href":"http:\/\/desarrollo.grupomedios.com\/futbol\/wp-json\/wp\/v2\/posts\/416595\/revisions"}],"wp:featuredmedia":[{"embeddable":true,"href":"http:\/\/desarrollo.grupomedios.com\/futbol\/wp-json\/wp\/v2\/media\/416603"}],"wp:attachment":[{"href":"http:\/\/desarrollo.grupomedios.com\/futbol\/wp-json\/wp\/v2\/media?parent=416595"}],"wp:term":[{"taxonomy":"category","embeddable":true,"href":"http:\/\/desarrollo.grupomedios.com\/futbol\/wp-json\/wp\/v2\/categories?post=416595"},{"taxonomy":"post_tag","embeddable":true,"href":"http:\/\/desarrollo.grupomedios.com\/futbol\/wp-json\/wp\/v2\/tags?post=416595"}],"curies":[{"name":"wp","href":"https:\/\/api.w.org\/{rel}","templated":true}]}}