{"id":416606,"date":"2016-08-08T09:37:36","date_gmt":"2016-08-08T14:37:36","guid":{"rendered":"http:\/\/www.futboltotal.com.mx\/?p=416606"},"modified":"2016-08-08T09:37:36","modified_gmt":"2016-08-08T14:37:36","slug":"juan-martin-del-potro-elimina-a-novak-djokovic-juegos-olimpicos","status":"publish","type":"post","link":"http:\/\/desarrollo.grupomedios.com\/futbol\/juegos-olimpicos-2016\/juan-martin-del-potro-elimina-a-novak-djokovic-juegos-olimpicos\/2016\/08","title":{"rendered":"Del Potro deja a Djokovic sin oportunidad del oro Ol\u00edmpico"},"content":{"rendered":"<p>El argentino <strong>Juan Mart\u00edn del <span class=\"classCadenaBusqueda\">Potro<\/span><\/strong>, que se afana por recuperar el tiempo perdido a causa de una lesi\u00f3n de mu\u00f1eca, dio un revolc\u00f3n al torneo de tenis de <strong>R\u00edo 2016<\/strong> al eliminar al primer favorito, al n\u00famero uno del mundo, el serbio <strong>Novak Djokovic<\/strong> (7-6(4) y 7-6(2)).<\/p>\n<p><strong>Djokovic<\/strong>, que se march\u00f3 entre l\u00e1grimas y que s\u00f3lo hab\u00eda perdido cuatro partidos en lo que va de a\u00f1o, no podr\u00e1 pelear por el oro ol\u00edmpico, el \u00fanico gran premio que le queda a su poblado palmar\u00e9s.<\/p>\n<blockquote class=\"twitter-tweet\" data-lang=\"es\">\n<p dir=\"ltr\" lang=\"es\">Un ejemplo de deportista y siempre un campe\u00f3n&#8230;<br \/>\nel gran <a href=\"https:\/\/twitter.com\/DjokerNole\">@DjokerNole<\/a> \u2764\ufe0f <a href=\"https:\/\/t.co\/ZUDLCTjlzp\">pic.twitter.com\/ZUDLCTjlzp<\/a><\/p>\n<p>\u2014 Rio 2016 (@rio2016_es) <a href=\"https:\/\/twitter.com\/rio2016_es\/status\/762502387407859713\">8 de agosto de 2016<\/a><\/p><\/blockquote>\n<p><script src=\"\/\/platform.twitter.com\/widgets.js\" async=\"\" charset=\"utf-8\"><\/script><\/p>\n<p>El serbio, aparentemente nervioso, sobreactuando en las celebraciones y superado por un rival extramotivado, no encontr\u00f3 la f\u00f3rmula de cortar la entusiasta actitud del argentino.<\/p>\n<p><strong>Del <span class=\"classCadenaBusqueda\">Potro<\/span><\/strong> sali\u00f3 fortalecido del Centro Ol\u00edmpico de Tenis. Una victoria que reactiva una carrera da\u00f1ada por las lesiones.<\/p>\n<p>La mu\u00f1eca le oblig\u00f3 no hace mucho al paso por el quir\u00f3fano. Dos a\u00f1os por la borda poco despu\u00e9s de asomarse a la parte alta del circuito, al cuarto puesto mundial meses atr\u00e1s, en el 2009, de ganar el Abierto de Estados Unidos.<\/p>\n<p><img decoding=\"async\" loading=\"lazy\" class=\"alignnone size-full wp-image-416608\" src=\"http:\/\/www.futboltotal.com.mx\/wp-content\/uploads\/2016\/08\/del-potro.jpg\" alt=\"del-potro\" srcset=\"http:\/\/desarrollo.grupomedios.com\/futbol\/wp-content\/uploads\/2016\/08\/del-potro.jpg 858w, http:\/\/desarrollo.grupomedios.com\/futbol\/wp-content\/uploads\/2016\/08\/del-potro-300x151.jpg 300w, http:\/\/desarrollo.grupomedios.com\/futbol\/wp-content\/uploads\/2016\/08\/del-potro-768x386.jpg 768w, http:\/\/desarrollo.grupomedios.com\/futbol\/wp-content\/uploads\/2016\/08\/del-potro-340x171.jpg 340w\" sizes=\"(max-width: 858px) 100vw, 858px\" \/><\/p>\n<p><strong>Del <span class=\"classCadenaBusqueda\">Potro<\/span><\/strong>, que en Londres 2012 priv\u00f3 al serbio del bronce ol\u00edmpico, su \u00faltima victoria de renombre, volvi\u00f3 a tumbar a <strong>Djokovic<\/strong>, ganador de siete t\u00edtulos este a\u00f1o y poseedor de doce Grand Slam, entre ellos el de Roland Garros y Australia en el 2016.<\/p>\n<p><strong>Del <span class=\"classCadenaBusqueda\">Potro<\/span><\/strong>, apoyado por la mitad de una grada dividida en un ambiente futbolero, se escondi\u00f3 en su toalla al final. Entre l\u00e1grimas. A la espera de que <strong>R\u00edo 2016<\/strong> le recupere como jugador. Ahora le espera el portugu\u00e9s Joao Sousa en segunda ronda. EFE<\/p>\n<blockquote class=\"twitter-tweet\" data-lang=\"es\"><p>\nEl p\u00fablico vivi\u00f3 una jornada que dif\u00edcilmente pueda olvidar. Maravilla de partido en la victoria de Del Potro <a href=\"https:\/\/t.co\/w6thuAY8MF\">pic.twitter.com\/w6thuAY8MF<\/a><\/p>\n<p>\u2014 Rio 2016 (@rio2016_es) <a href=\"https:\/\/twitter.com\/rio2016_es\/status\/762472099063615489\">8 de agosto de 2016<\/a>\n<\/p><\/blockquote>\n<p><script src=\"\/\/platform.twitter.com\/widgets.js\" async=\"\" charset=\"utf-8\"><\/script><\/p>\n","protected":false},"excerpt":{"rendered":"<p>Al igual que en Londres 2012, el argentino elimin\u00f3 a Djokovic<\/p>\n","protected":false},"author":20,"featured_media":416607,"comment_status":"closed","ping_status":"closed","sticky":false,"template":"","format":"standard","meta":[],"categories":[7182,7188,7189],"tags":[1911],"_links":{"self":[{"href":"http:\/\/desarrollo.grupomedios.com\/futbol\/wp-json\/wp\/v2\/posts\/416606"}],"collection":[{"href":"http:\/\/desarrollo.grupomedios.com\/futbol\/wp-json\/wp\/v2\/posts"}],"about":[{"href":"http:\/\/desarrollo.grupomedios.com\/futbol\/wp-json\/wp\/v2\/types\/post"}],"author":[{"embeddable":true,"href":"http:\/\/desarrollo.grupomedios.com\/futbol\/wp-json\/wp\/v2\/users\/20"}],"replies":[{"embeddable":true,"href":"http:\/\/desarrollo.grupomedios.com\/futbol\/wp-json\/wp\/v2\/comments?post=416606"}],"version-history":[{"count":0,"href":"http:\/\/desarrollo.grupomedios.com\/futbol\/wp-json\/wp\/v2\/posts\/416606\/revisions"}],"wp:featuredmedia":[{"embeddable":true,"href":"http:\/\/desarrollo.grupomedios.com\/futbol\/wp-json\/wp\/v2\/media\/416607"}],"wp:attachment":[{"href":"http:\/\/desarrollo.grupomedios.com\/futbol\/wp-json\/wp\/v2\/media?parent=416606"}],"wp:term":[{"taxonomy":"category","embeddable":true,"href":"http:\/\/desarrollo.grupomedios.com\/futbol\/wp-json\/wp\/v2\/categories?post=416606"},{"taxonomy":"post_tag","embeddable":true,"href":"http:\/\/desarrollo.grupomedios.com\/futbol\/wp-json\/wp\/v2\/tags?post=416606"}],"curies":[{"name":"wp","href":"https:\/\/api.w.org\/{rel}","templated":true}]}}