{"id":416629,"date":"2016-08-08T12:13:00","date_gmt":"2016-08-08T17:13:00","guid":{"rendered":"http:\/\/www.futboltotal.com.mx\/?p=416629"},"modified":"2016-08-08T12:13:00","modified_gmt":"2016-08-08T17:13:00","slug":"los-mejores-goles-la-jornada-4","status":"publish","type":"post","link":"http:\/\/desarrollo.grupomedios.com\/futbol\/videos\/los-mejores-goles-la-jornada-4\/2016\/08","title":{"rendered":"\u00a1Los mejores goles de la jornada 4!"},"content":{"rendered":"<p>La <strong>jornada 4 del Apertura 2016<\/strong> dej\u00f3 grandes desilusiones en los partidos, sobre todo por los amargos 0-0 entre\u00a0<a href=\"http:\/\/www.futboltotal.com.mx\/equipos\/guadalajara\/\" target=\"_blank\"><strong>Chivas<\/strong><\/a>\u00a0vs Quer\u00e9taro y Puebla vs Santos. Afortunadamente hubo goles que nos har\u00e1n olvidar ese par de tragos amargos.<\/p>\n<p>Curiosamente, en esta ocasi\u00f3n se qued\u00f3 fuera el \u00a0<a href=\"http:\/\/www.futboltotal.com.mx\/equipos\/america\/\" target=\"_blank\"><strong>Am\u00e9rica<\/strong><\/a>, pues ninguno de sus 4 goles ante el Veracruz pudo superar lo logrado por los elegidos, destacando el penalti de Edson Puch del Necaxa, que al m\u00e1s puro estilo de Zidane cobr\u00f3 un penalti ante &#8216;Pikol\u00edn&#8217; Palacios.<\/p>\n<p>Pero ya basta de todo y mejor disfruta de los mejores tantos del cuarto\u00a0fin de semana de actividad, en la <strong>Liga MX.<\/strong><\/p>\n<p style=\"text-align: center;\"><span style=\"color: #3366ff;\"><a style=\"color: #3366ff;\" href=\"http:\/\/www.futboltotal.com.mx\/2016\/08\/11-ideal-la-jornada-4-del-apertura-2016\/\" target=\"_blank\"><strong>LEER M\u00c1S: El 11 ideal de la jornada 4 del Apertura 2016<\/strong><\/a><\/span><\/p>\n<p><span style=\"color: #ff0000;\"><strong>VIDEO: Los mejores goles de la jornada 4<\/strong><\/span><\/p>\n<p>[video_player]https:\/\/player.vimeo.com\/external\/178031928.hd.mp4?s=67c7d3a8d72581221dbd3bb6fbfcfee329969e28&amp;profile_id=174[\/video_player]<\/p>\n","protected":false},"excerpt":{"rendered":"<p>Las anotaciones que se robaron en aliento este fin de semana.<\/p>\n","protected":false},"author":20,"featured_media":416636,"comment_status":"closed","ping_status":"closed","sticky":false,"template":"","format":"standard","meta":[],"categories":[2198,3845,6381,4],"tags":[6927,6185,6241],"_links":{"self":[{"href":"http:\/\/desarrollo.grupomedios.com\/futbol\/wp-json\/wp\/v2\/posts\/416629"}],"collection":[{"href":"http:\/\/desarrollo.grupomedios.com\/futbol\/wp-json\/wp\/v2\/posts"}],"about":[{"href":"http:\/\/desarrollo.grupomedios.com\/futbol\/wp-json\/wp\/v2\/types\/post"}],"author":[{"embeddable":true,"href":"http:\/\/desarrollo.grupomedios.com\/futbol\/wp-json\/wp\/v2\/users\/20"}],"replies":[{"embeddable":true,"href":"http:\/\/desarrollo.grupomedios.com\/futbol\/wp-json\/wp\/v2\/comments?post=416629"}],"version-history":[{"count":0,"href":"http:\/\/desarrollo.grupomedios.com\/futbol\/wp-json\/wp\/v2\/posts\/416629\/revisions"}],"wp:featuredmedia":[{"embeddable":true,"href":"http:\/\/desarrollo.grupomedios.com\/futbol\/wp-json\/wp\/v2\/media\/416636"}],"wp:attachment":[{"href":"http:\/\/desarrollo.grupomedios.com\/futbol\/wp-json\/wp\/v2\/media?parent=416629"}],"wp:term":[{"taxonomy":"category","embeddable":true,"href":"http:\/\/desarrollo.grupomedios.com\/futbol\/wp-json\/wp\/v2\/categories?post=416629"},{"taxonomy":"post_tag","embeddable":true,"href":"http:\/\/desarrollo.grupomedios.com\/futbol\/wp-json\/wp\/v2\/tags?post=416629"}],"curies":[{"name":"wp","href":"https:\/\/api.w.org\/{rel}","templated":true}]}}