{"id":416647,"date":"2016-08-08T16:48:32","date_gmt":"2016-08-08T21:48:32","guid":{"rendered":"http:\/\/www.futboltotal.com.mx\/?p=416647"},"modified":"2016-08-08T16:48:32","modified_gmt":"2016-08-08T21:48:32","slug":"bale-y-kroos-fuera-de-la-supercopa","status":"publish","type":"post","link":"http:\/\/desarrollo.grupomedios.com\/futbol\/futbol-internacional\/bale-y-kroos-fuera-de-la-supercopa\/2016\/08","title":{"rendered":"Bale y Kroos, fuera de la Supercopa"},"content":{"rendered":"<p>Zinedine Zidane, t\u00e9cnico del <strong>Real Madrid<\/strong>, descart\u00f3 finalmente al gal\u00e9s <strong>Gareth Bale<\/strong> y al alem\u00e1n<strong> Toni\u00a0<span class=\"classCadenaBusqueda\">Kroos<\/span><\/strong>\u00a0para la disputa de la final de la <strong>Supercopa de Europa<\/strong> ante el Sevilla, final para la que est\u00e1 recuperado el franc\u00e9s Karim Benzema y que el conjunto blanco encara con bajas importantes.<\/p>\n<p>A la ausencia del costarricense Keylor Navas en porter\u00eda y los portugueses Cristiano Ronaldo, Pepe y Fabio Coentrao, se suman los descartes de Bale y\u00a0<span class=\"classCadenaBusqueda\">Kroos<\/span>. Despu\u00e9s de tres entrenamientos de pretemporada, tras incorporarse el d\u00eda previsto por la disputa de la Eurocopa, Zidane ha optado por no arriesgar y ni siquiera los convoca para viajar a Trondheim.<\/p>\n<p style=\"text-align: center;\"><span style=\"color: #3366ff;\"><strong>LEER M\u00c1S: EN VIVO | Real Madrid vs Sevilla | Supercopa de Europa<\/strong><\/span><\/p>\n<p>El t\u00e9cnico madridista opta por los jugadores que m\u00e1s ritmo tienen y con los que ha completado la primera parte de la pretemporada. Entre ellos apuesta por uno de sus hijos, Luca Zidane, como tercer portero ante la baja por lesi\u00f3n de Keylor Navas.<\/p>\n<p>Es la primera convocatoria para partido oficial para los dos &#8216;fichajes&#8217; madridistas hasta el momento, el centrocampista Marco Asensio y el delantero \u00c1lvaro Morata. Los canteranos Marcos Llorente y Mariano tambi\u00e9n figuran en la lista pese a que el club les busca una salida en forma de cesi\u00f3n.<\/p>\n<p>La lista de convocados la integran: Kiko Casilla, Rub\u00e9n Y\u00e1\u00f1ez, Luca Zidane, Carvajal, Danilo, Sergio Ramos, Varane, Nacho, Marcelo, Casemiro, Marcos Llorente, Kovacic, Modric, Isco, Asensio, James, Lucas V\u00e1zquez, Mariano, Morata y Benzema.<\/p>\n","protected":false},"excerpt":{"rendered":"<p>El Real Madrid acumula seis bajas importantes para el duelo ante Sevilla<\/p>\n","protected":false},"author":20,"featured_media":416653,"comment_status":"closed","ping_status":"closed","sticky":false,"template":"","format":"standard","meta":[],"categories":[3839,5951],"tags":[5988,607],"_links":{"self":[{"href":"http:\/\/desarrollo.grupomedios.com\/futbol\/wp-json\/wp\/v2\/posts\/416647"}],"collection":[{"href":"http:\/\/desarrollo.grupomedios.com\/futbol\/wp-json\/wp\/v2\/posts"}],"about":[{"href":"http:\/\/desarrollo.grupomedios.com\/futbol\/wp-json\/wp\/v2\/types\/post"}],"author":[{"embeddable":true,"href":"http:\/\/desarrollo.grupomedios.com\/futbol\/wp-json\/wp\/v2\/users\/20"}],"replies":[{"embeddable":true,"href":"http:\/\/desarrollo.grupomedios.com\/futbol\/wp-json\/wp\/v2\/comments?post=416647"}],"version-history":[{"count":0,"href":"http:\/\/desarrollo.grupomedios.com\/futbol\/wp-json\/wp\/v2\/posts\/416647\/revisions"}],"wp:featuredmedia":[{"embeddable":true,"href":"http:\/\/desarrollo.grupomedios.com\/futbol\/wp-json\/wp\/v2\/media\/416653"}],"wp:attachment":[{"href":"http:\/\/desarrollo.grupomedios.com\/futbol\/wp-json\/wp\/v2\/media?parent=416647"}],"wp:term":[{"taxonomy":"category","embeddable":true,"href":"http:\/\/desarrollo.grupomedios.com\/futbol\/wp-json\/wp\/v2\/categories?post=416647"},{"taxonomy":"post_tag","embeddable":true,"href":"http:\/\/desarrollo.grupomedios.com\/futbol\/wp-json\/wp\/v2\/tags?post=416647"}],"curies":[{"name":"wp","href":"https:\/\/api.w.org\/{rel}","templated":true}]}}