{"id":416715,"date":"2016-08-08T21:40:43","date_gmt":"2016-08-09T02:40:43","guid":{"rendered":"http:\/\/www.futboltotal.com.mx\/?p=416715"},"modified":"2016-08-08T23:05:49","modified_gmt":"2016-08-09T04:05:49","slug":"santos-contra-boca-marchesin","status":"publish","type":"post","link":"http:\/\/desarrollo.grupomedios.com\/futbol\/destacado-home\/santos-contra-boca-marchesin\/2016\/08","title":{"rendered":"Santos denuncia a Boca por Marches\u00edn"},"content":{"rendered":"<p>El <strong>Santos Laguna<\/strong> inform\u00f3 este lunes que denunciar\u00e1 al <strong>Boca Juniors<\/strong>\u00a0ante la <strong>FIFA<\/strong>\u00a0por su mal proceder para hacerse de los servicios del guardameta argentino <strong>Agust\u00edn Marches\u00edn<\/strong>.<\/p>\n<p>El club mexicano explic\u00f3 mediante un comunicado que tras desestimar &#8220;ofertas no solicitadas&#8221; del equipo argentino &#8220;ahora procederemos ante las instancias de FIFA contra <strong>Boca Juniors<\/strong> por su lamentable manejo en toda esta situaci\u00f3n que ha generado da\u00f1os y desestabilidad contractual con nuestro jugador&#8221;.<\/p>\n<p style=\"text-align: center;\"><strong><a href=\"http:\/\/www.futboltotal.com.mx\/2016\/08\/santos-senala-boca-juniors-miente-pues-agustin-marchesin-intransferible\/\">LEER M\u00c1S: Marches\u00edn es intransferible<\/a><\/strong><\/p>\n<p>El <strong>Santos<\/strong> explic\u00f3 que las ofertas que le hicieron por Marches\u00edn &#8220;no eran aceptables&#8221; y solicitaron al <strong>Boca Juniors<\/strong> que &#8220;no continuara con su misi\u00f3n de seducci\u00f3n&#8221; previniendo el da\u00f1o que causaban a un jugador con contrato vigente, en competencia y dentro del plan deportivo del equipo.<\/p>\n<p>Se\u00f1alaron que a pesar de la inestabilidad provocada escucharon la postura de Boca Juniors y tras &#8220;20 d\u00edas de agravio&#8221; hasta el 5 de agosto el presidente de Boca Juniors, Daniel Angelici, se comunic\u00f3 con la directiva del equipo mexicano para hacer una oferta verbal en la que se estableci\u00f3 un preacuerdo.<\/p>\n<p>Pero al d\u00eda siguiente, Angelici &#8220;se retract\u00f3 de su propuesta&#8221; y le inform\u00f3 al equipo mexicano que desestimar\u00edan a Marches\u00edn y buscar\u00edan a otro guardameta.<\/p>\n","protected":false},"excerpt":{"rendered":"<p>El club inform\u00f3 que denunciar\u00e1 al club argentino ante FIFA<\/p>\n","protected":false},"author":20,"featured_media":416716,"comment_status":"closed","ping_status":"closed","sticky":false,"template":"","format":"standard","meta":[],"categories":[5,2198,3845],"tags":[6118,5972],"_links":{"self":[{"href":"http:\/\/desarrollo.grupomedios.com\/futbol\/wp-json\/wp\/v2\/posts\/416715"}],"collection":[{"href":"http:\/\/desarrollo.grupomedios.com\/futbol\/wp-json\/wp\/v2\/posts"}],"about":[{"href":"http:\/\/desarrollo.grupomedios.com\/futbol\/wp-json\/wp\/v2\/types\/post"}],"author":[{"embeddable":true,"href":"http:\/\/desarrollo.grupomedios.com\/futbol\/wp-json\/wp\/v2\/users\/20"}],"replies":[{"embeddable":true,"href":"http:\/\/desarrollo.grupomedios.com\/futbol\/wp-json\/wp\/v2\/comments?post=416715"}],"version-history":[{"count":0,"href":"http:\/\/desarrollo.grupomedios.com\/futbol\/wp-json\/wp\/v2\/posts\/416715\/revisions"}],"wp:featuredmedia":[{"embeddable":true,"href":"http:\/\/desarrollo.grupomedios.com\/futbol\/wp-json\/wp\/v2\/media\/416716"}],"wp:attachment":[{"href":"http:\/\/desarrollo.grupomedios.com\/futbol\/wp-json\/wp\/v2\/media?parent=416715"}],"wp:term":[{"taxonomy":"category","embeddable":true,"href":"http:\/\/desarrollo.grupomedios.com\/futbol\/wp-json\/wp\/v2\/categories?post=416715"},{"taxonomy":"post_tag","embeddable":true,"href":"http:\/\/desarrollo.grupomedios.com\/futbol\/wp-json\/wp\/v2\/tags?post=416715"}],"curies":[{"name":"wp","href":"https:\/\/api.w.org\/{rel}","templated":true}]}}