{"id":416719,"date":"2016-08-09T12:00:55","date_gmt":"2016-08-09T17:00:55","guid":{"rendered":"http:\/\/www.futboltotal.com.mx\/?p=416719"},"modified":"2016-08-09T17:06:03","modified_gmt":"2016-08-09T22:06:03","slug":"en-vivo-real-madrid-sevilla-supercopa-de-europa","status":"publish","type":"post","link":"http:\/\/desarrollo.grupomedios.com\/futbol\/futbol-internacional\/en-vivo-real-madrid-sevilla-supercopa-de-europa\/2016\/08","title":{"rendered":"AS\u00cd SE VIVI\u00d3 | Real Madrid 3-2 Sevilla | Supercopa de Europa"},"content":{"rendered":"<p><a class=\"twitter-timeline\" href=\"https:\/\/twitter.com\/search?q=from%3Arealmadrid%2C%20OR%20from%3Asevillafc%2C%20OR%20from%3Auefacom_es\" data-widget-id=\"763083020836319232\">Tweets sobre from:realmadrid, OR from:sevillafc, OR from:uefacom_es<\/a><br \/>\n<script>\/\/ <![CDATA[\n!function(d,s,id){var js,fjs=d.getElementsByTagName(s)[0],p=\/^http:\/.test(d.location)?'http':'https';if(!d.getElementById(id)){js=d.createElement(s);js.id=id;js.src=p+\":\/\/platform.twitter.com\/widgets.js\";fjs.parentNode.insertBefore(js,fjs);}}(document,\"script\",\"twitter-wjs\");\n\/\/ ]]><\/script><\/p>\n<p>0:00 | As\u00ed sale el Sevilla, en el debut de Sampaoli en partido oficial.<\/p>\n<blockquote class=\"twitter-tweet\" data-lang=\"es\">\n<p dir=\"ltr\" lang=\"es\">Once del <a href=\"https:\/\/twitter.com\/hashtag\/SevillaFC?src=hash\">#SevillaFC<\/a> ante el <a href=\"https:\/\/twitter.com\/realmadrid\">@realmadrid<\/a> en la Supercopa de Europa <a href=\"https:\/\/twitter.com\/hashtag\/vamosmisevilla?src=hash\">#vamosmisevilla<\/a> <a href=\"https:\/\/twitter.com\/hashtag\/hambredetitulos?src=hash\">#hambredetitulos<\/a> <a href=\"https:\/\/t.co\/iGlpItSH0O\">pic.twitter.com\/iGlpItSH0O<\/a><\/p>\n<p>\u2014 Sevilla F\u00fatbol Club (@SevillaFC) <a href=\"https:\/\/twitter.com\/SevillaFC\/status\/763065171757662209\">9 de agosto de 2016<\/a><\/p><\/blockquote>\n<p><script src=\"\/\/platform.twitter.com\/widgets.js\" async=\"\" charset=\"utf-8\"><\/script><\/p>\n<p>0:00 | Este es el 11 del Real Madrid. Sorprende Zidane con enviar a Benzema a la banca.<\/p>\n<blockquote class=\"twitter-tweet\" data-lang=\"es\"><p>\n\u26bd\ufe0f<br \/>\n Este es nuestro once inicial para disputar la final de Supercopa frente al <a href=\"https:\/\/twitter.com\/SevillaFC\">@SevillaFC<\/a> <a href=\"https:\/\/twitter.com\/hashtag\/RMSuperCup?src=hash\">#RMSuperCup<\/a> <a href=\"https:\/\/twitter.com\/hashtag\/HalaMadrid?src=hash\">#HalaMadrid<\/a> <a href=\"https:\/\/t.co\/RIoG7oCClZ\">pic.twitter.com\/RIoG7oCClZ<\/a><\/p>\n<p>\u2014 Real Madrid C. F. (@realmadrid) <a href=\"https:\/\/twitter.com\/realmadrid\/status\/763064746698477572\">9 de agosto de 2016<\/a>\n<\/p><\/blockquote>\n<p><script src=\"\/\/platform.twitter.com\/widgets.js\" async=\"\" charset=\"utf-8\"><\/script><\/p>\n<p>0:00 | Por su parte, el Sevilla buscar\u00e1 su segundo t\u00edtulo. El primero lo consigui\u00f3 en 2006 cuando venci\u00f3 al Barcelona en M\u00f3naco.<\/p>\n<p>0:00 | El conjunto Merengue buscar\u00e1 ganar su tercer t\u00edtulo de Supercopa. Los m\u00e1ximos ganadores son Barcelona, Mil\u00e1n y Liverpool con cinco cada una.<\/p>\n<p>0:00 | Bienvenidos a nuestro minuto a minuto entre el Real Madrid y el Sevilla por la Supercopa de Europa.<\/p>\n<p>El <strong>Real Madrid<\/strong>, vigente campe\u00f3n de la Champions League, y el <strong>Sevilla<\/strong>, que repite reinado en la Europa League, dirimir\u00e1n la supremac\u00eda continental en Trondheim (Noruega), en la reedici\u00f3n de la final de la <strong>Supercopa de Europa<\/strong> de hace dos campa\u00f1as, en la que pelean el primer t\u00edtulo oficial de la temporada.<\/p>\n<p><span style=\"color: #3366ff;\"><a style=\"color: #3366ff;\" href=\"http:\/\/www.futboltotal.com.mx\/2016\/08\/mercado-fichajes-en-europa\/\"><strong>LEER M\u00c1S: Mercado de fichajes en Europa<\/strong><\/a><\/span><\/p>\n<blockquote class=\"twitter-tweet\" data-lang=\"es\"><p>\u26bd\ufe0f<a href=\"https:\/\/twitter.com\/SergioRamos\">@SergioRamos<\/a>: \u201cQueremos lograr un nuevo t\u00edtulo y dedic\u00e1rselo a nuestra afici\u00f3n\u201d.<\/p>\n<p><a href=\"https:\/\/t.co\/ra03Qi1VYv\">https:\/\/t.co\/ra03Qi1VYv<\/a> <a href=\"https:\/\/t.co\/CcXMjjGjuL\">pic.twitter.com\/CcXMjjGjuL<\/a><\/p>\n<p>\u2014 Real Madrid C. F. (@realmadrid) <a href=\"https:\/\/twitter.com\/realmadrid\/status\/762725283287801857\">8 de agosto de 2016<\/a><\/p><\/blockquote>\n<p><script src=\"\/\/platform.twitter.com\/widgets.js\" async=\"\" charset=\"utf-8\"><\/script><\/p>\n<p>Con el antecedente de la final de 2014 en Cardiff (Gales), que el<strong> Real Madrid<\/strong> gan\u00f3 por 2-0 al Sevilla, el franc\u00e9s Zinedine Zidane y el argentino Jorge Sampaoli encaran su primera prueba de fuego tras sendas pretemporadas en las que los madrile\u00f1os han proseguido con la l\u00ednea que les llev\u00f3 a la &#8216;Und\u00e9cima&#8217; la pasada temporada y los sevillanos han optado por una nueva etapa de la mano de Sampaoli.<\/p>\n<blockquote class=\"twitter-tweet\" data-lang=\"es\"><p>\n\u26bd<\/p>\n<p>Entra al Lerkendal Stadion, escenario de nuestro partido ante el <a href=\"https:\/\/twitter.com\/SevillaFC\">@SevillaFC<\/a>.<a href=\"https:\/\/twitter.com\/hashtag\/RMSuperCup?src=hash\">#RMSuperCup<\/a> <a href=\"https:\/\/twitter.com\/hashtag\/HalaMadrid?src=hash\">#HalaMadrid<\/a> <a href=\"https:\/\/t.co\/SdjWMJCKU7\">https:\/\/t.co\/SdjWMJCKU7<\/a><\/p>\n<p>\u2014 Real Madrid C. F. (@realmadrid) <a href=\"https:\/\/twitter.com\/realmadrid\/status\/762951833211895808\">9 de agosto de 2016<\/a>\n<\/p><\/blockquote>\n<p><script src=\"\/\/platform.twitter.com\/widgets.js\" async=\"\" charset=\"utf-8\"><\/script><\/p>\n<p>Zidane busca la gesta condicionado por la baja de su m\u00e1xima estrella, el portugu\u00e9s Cristiano Ronaldo, lesionado en la final de la Eurocopa. Y por los descartes de jugadores como el gal\u00e9s Gareth Bale, el alem\u00e1n Toni Kroos o el portugu\u00e9s Pepe, todos ellos titulares. Como el costarricense Keylor Navas, baja al estar en la recta final de su recuperaci\u00f3n que cede el puesto a Kiko Casilla.<\/p>\n<blockquote class=\"twitter-tweet\" data-lang=\"es\"><p>\u201cDesde el primer minuto tenemos que estar concentrados y trabajar mucho\u201d.<a href=\"https:\/\/t.co\/vCz8zyaRff\">https:\/\/t.co\/vCz8zyaRff<\/a><a href=\"https:\/\/twitter.com\/hashtag\/RMSuperCup?src=hash\">#RMSuperCup<\/a> <a href=\"https:\/\/t.co\/vMRkb2uUqB\">pic.twitter.com\/vMRkb2uUqB<\/a><\/p>\n<p>\u2014 Real Madrid C. F. (@realmadrid) <a href=\"https:\/\/twitter.com\/realmadrid\/status\/762712304458797056\">8 de agosto de 2016<\/a><\/p><\/blockquote>\n<p><script src=\"\/\/platform.twitter.com\/widgets.js\" async=\"\" charset=\"utf-8\"><\/script><\/p>\n<p>Tiene en su mano el t\u00e9cnico franc\u00e9s convertirse si conquista su segundo t\u00edtulo como entrenador, en el quinto que consigue la Supercopa de Europa como jugador y t\u00e9cnico. Antes lo firmaron Carlo Ancelotti, Diego Pablo Simeone, Pep Guardiola y Luis Enrique.<\/p>\n<p>El <strong>Real Madrid<\/strong> busca su tercera Supercopa -perdi\u00f3 dos ante Chelsea y Galatasaray y gan\u00f3 a Feyenoord y Sevilla-, con un solo fichaje en el equipo titular, \u00c1lvaro Morata, que regresa a su casa tras su paso por el Juventus. Integrar\u00e1 el tridente ofensivo junto a Lucas V\u00e1zquez y un recuperado Karim Benzema, ausente de los triunfos en pretemporada ante Bayern de M\u00fanich y Chelsea. La \u00fanica duda del once por despejar es la apuesta de Zizou por James Rodr\u00edguez o Isco Alarc\u00f3n en el centro del campo.<\/p>\n<blockquote class=\"twitter-tweet\" data-lang=\"es\"><p>\nEquipaciones con las que jugar\u00e1 el <a href=\"https:\/\/twitter.com\/hashtag\/SevillaFC?src=hash\">#SevillaFC<\/a> la Supercopa de Europa <a href=\"https:\/\/twitter.com\/hashtag\/vamosmisevilla?src=hash\">#vamosmisevilla<\/a> <a href=\"https:\/\/twitter.com\/hashtag\/hambredetitulos?src=hash\">#hambredetitulos<\/a><a href=\"https:\/\/t.co\/py5jhhHI1N\">https:\/\/t.co\/py5jhhHI1N<\/a><\/p>\n<p>\u2014 Sevilla F\u00fatbol Club (@SevillaFC) <a href=\"https:\/\/twitter.com\/SevillaFC\/status\/762947124963086339\">9 de agosto de 2016<\/a>\n<\/p><\/blockquote>\n<p><script src=\"\/\/platform.twitter.com\/widgets.js\" async=\"\" charset=\"utf-8\"><\/script><\/p>\n<p>Mientras, el <strong>Sevilla<\/strong>, \u00fanico equipo que disputa la final de la Supercopa de Europa tres a\u00f1os consecutivos, afronta un inicio de temporada vertiginoso, con la opci\u00f3n de conquistar dos t\u00edtulos, sumado al duelo ante el Real Madrid el de la Supercopa de Espa\u00f1a frente al Barcelona. Es el arranque de la ambiciosa apuesta por Sampaoli tras el exitoso periplo en Nervi\u00f3n de Unai Emery, saldado con tres t\u00edtulos consecutivos de Liga Europa.<\/p>\n<blockquote class=\"twitter-tweet\" data-lang=\"es\"><p>\u27a1 <a href=\"https:\/\/twitter.com\/Iborra_Vicente\">@Iborra_Vicente<\/a>: &#8220;Hemos venido a ganar&#8221; <a href=\"https:\/\/twitter.com\/hashtag\/hambredetitulos?src=hash\">#hambredetitulos<\/a> <a href=\"https:\/\/twitter.com\/hashtag\/vamosmisevilla?src=hash\">#vamosmisevilla<\/a> <a href=\"https:\/\/t.co\/flcOL7mKST\">pic.twitter.com\/flcOL7mKST<\/a><\/p>\n<p>\u2014 Sevilla F\u00fatbol Club (@SevillaFC) <a href=\"https:\/\/twitter.com\/SevillaFC\/status\/762666987893956609\">8 de agosto de 2016<\/a><\/p><\/blockquote>\n<p><script src=\"\/\/platform.twitter.com\/widgets.js\" async=\"\" charset=\"utf-8\"><\/script><\/p>\n<p>El t\u00e9cnico del <strong>Sevilla<\/strong> ya ha anunciado su declaraci\u00f3n de intenciones para este partido al se\u00f1alar que su idea frente al Real Madrid es &#8220;buscar la manera de incomodarlos y vivir un partido distinto a lo que est\u00e1n acostumbrados&#8221;, basado en &#8220;convivir m\u00e1s en campo rival que en el propio&#8221;.<\/p>\n<blockquote class=\"twitter-tweet\" data-lang=\"es\"><p>\n\u27a1 <a href=\"https:\/\/twitter.com\/Jorge_Sampaoli\">@Jorge_Sampaoli<\/a>: &#8220;Lo m\u00e1s importante que tiene el equipo hoy es la ilusi\u00f3n&#8221; <a href=\"https:\/\/twitter.com\/hashtag\/hambredetitulos?src=hash\">#hambredetitulos<\/a> <a href=\"https:\/\/twitter.com\/hashtag\/vamosmisevilla?src=hash\">#vamosmisevilla<\/a> <a href=\"https:\/\/t.co\/wP7quO24mA\">pic.twitter.com\/wP7quO24mA<\/a><\/p>\n<p>\u2014 Sevilla F\u00fatbol Club (@SevillaFC) <a href=\"https:\/\/twitter.com\/SevillaFC\/status\/762670965104992256\">8 de agosto de 2016<\/a>\n<\/p><\/blockquote>\n<p><script src=\"\/\/platform.twitter.com\/widgets.js\" async=\"\" charset=\"utf-8\"><\/script><\/p>\n<p>El t\u00e9cnico sevillista dispondr\u00e1 ante el Real Madrid de su &#8220;armada argentina&#8221; al completo -Gabriel Mercado, Luciano Vietto, Franco V\u00e1zquez, Joaqu\u00edn Correa, Mat\u00edas Kranevitter y Nico Pareja- junto a las otras novedades de la plantilla sevillista esta temporada, el brasile\u00f1o Paulo Ganso, el japon\u00e9s Hiroshi Kiyotake, el espa\u00f1ol Pablo Sarabia y el francotunecino Wissam Ben Yedder.<\/p>\n","protected":false},"excerpt":{"rendered":"<p>Merengues y Sevillistas buscan el primer t\u00edtulo de la temporada en Europa <\/p>\n","protected":false},"author":20,"featured_media":416800,"comment_status":"closed","ping_status":"closed","sticky":false,"template":"","format":"standard","meta":[],"categories":[3839],"tags":[6214,5988,49,607],"_links":{"self":[{"href":"http:\/\/desarrollo.grupomedios.com\/futbol\/wp-json\/wp\/v2\/posts\/416719"}],"collection":[{"href":"http:\/\/desarrollo.grupomedios.com\/futbol\/wp-json\/wp\/v2\/posts"}],"about":[{"href":"http:\/\/desarrollo.grupomedios.com\/futbol\/wp-json\/wp\/v2\/types\/post"}],"author":[{"embeddable":true,"href":"http:\/\/desarrollo.grupomedios.com\/futbol\/wp-json\/wp\/v2\/users\/20"}],"replies":[{"embeddable":true,"href":"http:\/\/desarrollo.grupomedios.com\/futbol\/wp-json\/wp\/v2\/comments?post=416719"}],"version-history":[{"count":0,"href":"http:\/\/desarrollo.grupomedios.com\/futbol\/wp-json\/wp\/v2\/posts\/416719\/revisions"}],"wp:featuredmedia":[{"embeddable":true,"href":"http:\/\/desarrollo.grupomedios.com\/futbol\/wp-json\/wp\/v2\/media\/416800"}],"wp:attachment":[{"href":"http:\/\/desarrollo.grupomedios.com\/futbol\/wp-json\/wp\/v2\/media?parent=416719"}],"wp:term":[{"taxonomy":"category","embeddable":true,"href":"http:\/\/desarrollo.grupomedios.com\/futbol\/wp-json\/wp\/v2\/categories?post=416719"},{"taxonomy":"post_tag","embeddable":true,"href":"http:\/\/desarrollo.grupomedios.com\/futbol\/wp-json\/wp\/v2\/tags?post=416719"}],"curies":[{"name":"wp","href":"https:\/\/api.w.org\/{rel}","templated":true}]}}