{"id":416728,"date":"2016-08-09T08:48:43","date_gmt":"2016-08-09T13:48:43","guid":{"rendered":"http:\/\/www.futboltotal.com.mx\/?p=416728"},"modified":"2016-08-09T08:48:43","modified_gmt":"2016-08-09T13:48:43","slug":"comite-olimpico-mexicano-denuncio-mal-trato-en-rio","status":"publish","type":"post","link":"http:\/\/desarrollo.grupomedios.com\/futbol\/juegos-olimpicos-2016\/comite-olimpico-mexicano-denuncio-mal-trato-en-rio\/2016\/08","title":{"rendered":"Comit\u00e9 Ol\u00edmpico Mexicano denunci\u00f3 mal trato en R\u00edo"},"content":{"rendered":"<p><span style=\"font-family: Times, serif;\"><span style=\"font-size: small;\"><span style=\"font-family: Georgia, serif;\"><span style=\"font-size: medium;\">El Presidente del <strong>Comit\u00e9 Ol\u00edmpico Mexicano<\/strong>, Carlos Padilla, extern\u00f3 su molestia por las formas en las que ha sido tratada la delegaci\u00f3n mexicana en los <strong>Juegos Ol\u00edmpicos<\/strong> de <strong>R\u00edo de Janeiro<\/strong>, ya que consider\u00f3 que han sido injustas las condiciones en las que est\u00e1n.<\/span><\/span><\/span><\/span><\/p>\n<p><span style=\"font-family: Times, serif;\"><span style=\"font-size: small;\"><span style=\"font-family: Georgia, serif;\"><span style=\"font-size: medium;\">&#8220;<\/span><\/span><span style=\"font-size: medium;\">M\u00e9xico<\/span><span style=\"font-size: medium;\"><b>\u00a0<\/b><\/span><span style=\"font-family: Georgia, serif;\"><span style=\"font-size: medium;\">es<\/span><\/span><span style=\"font-family: Georgia, serif;\"><span style=\"font-size: medium;\">\u00a0<\/span><\/span><span style=\"font-size: medium;\">tratado de forma injusta<\/span><span style=\"font-family: Georgia, serif;\"><span style=\"font-size: medium;\">\u00a0<\/span><\/span><span style=\"font-family: Georgia, serif;\"><span style=\"font-size: medium;\">por el comit\u00e9 organizador de<\/span><\/span><strong><span style=\"font-family: Georgia, serif;\"><span style=\"font-size: medium;\">\u00a0<\/span><\/span><span style=\"font-size: medium;\">R\u00edo<\/span><\/strong><span style=\"font-family: Georgia, serif;\"><span style=\"font-size: medium;\">; hay quejas de deportistas&#8221;, dijo<\/span><\/span><span style=\"font-family: Georgia, serif;\"><span style=\"font-size: medium;\">\u00a0<\/span><\/span><span style=\"font-size: medium;\">Padilla<\/span><span style=\"font-size: medium;\"><b>\u00a0<\/b><\/span><span style=\"font-family: Georgia, serif;\"><span style=\"font-size: medium;\">a la cadena Fox Sports.<\/span><\/span><\/span><\/span><\/p>\n<blockquote class=\"twitter-tweet\" data-lang=\"es\">\n<p dir=\"ltr\" lang=\"es\">(&#8230;) Respecto al trato desigual recibido a <a href=\"https:\/\/twitter.com\/miseleccionmx\">@miseleccionmx<\/a> Carlos Padilla dijo que ya son tomados en cuenta y jugadores listos para entrenar<\/p>\n<p>\u2014 Comit\u00e9 Ol\u00edmpico MEX (@COM_Mexico) <a href=\"https:\/\/twitter.com\/COM_Mexico\/status\/763004473899823104\">9 de agosto de 2016<\/a><\/p><\/blockquote>\n<p><script src=\"\/\/platform.twitter.com\/widgets.js\" async=\"\" charset=\"utf-8\"><\/script><\/p>\n<p><span style=\"font-family: Times, serif;\"><span style=\"font-size: small;\"><span style=\"font-family: Georgia, serif;\"><span style=\"font-size: medium;\">El dirigente tambi\u00e9n se quej\u00f3 de las facilidades que tiene la selecci\u00f3n alemana de futbol, que a diferencia de <strong>M\u00e9xico<\/strong>, ellos se trasladan a lugares muy cercanos, mientras el <\/span><\/span><span style=\"font-family: Georgia, serif;\"><span style=\"font-size: medium;\"><i>Tricolor <\/i><\/span><\/span><span style=\"font-family: Georgia, serif;\"><span style=\"font-size: medium;\">vuela sin descansar.<\/span><\/span><\/span><\/span><\/p>\n<blockquote class=\"twitter-tweet\" data-lang=\"es\"><p>\nTercer lugar de su heat mexicana <a href=\"https:\/\/twitter.com\/kenialechuga\">@kenialechuga<\/a>, avanza a semifinales de del remo ol\u00edmpico <a href=\"https:\/\/twitter.com\/rio2016_es\">@rio2016_es<\/a> <a href=\"https:\/\/t.co\/7YkssxKT01\">pic.twitter.com\/7YkssxKT01<\/a><\/p>\n<p>\u2014 Comit\u00e9 Ol\u00edmpico MEX (@COM_Mexico) <a href=\"https:\/\/twitter.com\/COM_Mexico\/status\/763007697163735040\">9 de agosto de 2016<\/a>\n<\/p><\/blockquote>\n<p><script src=\"\/\/platform.twitter.com\/widgets.js\" async=\"\" charset=\"utf-8\"><\/script><\/p>\n<p><span style=\"font-family: Times, serif;\"><span style=\"font-size: small;\"><span style=\"font-family: Georgia, serif;\"><span style=\"font-size: medium;\">&#8220;Adem\u00e1s de lo cercano de los partidos de Alemania, los<\/span><\/span><span style=\"font-family: Georgia, serif;\"><span style=\"font-size: medium;\">\u00a0<\/span><\/span><span style=\"font-size: medium;\">jugadores mexicanos<\/span><span style=\"font-family: Georgia, serif;\"><span style=\"font-size: medium;\">\u00a0<\/span><\/span><span style=\"font-family: Georgia, serif;\"><span style=\"font-size: medium;\">vuelan hoy y no hay d\u00eda de descanso. A los futbolistas alemanes les concedieron hotel para estar mejor hospedados y un campo para entrenar en mejores condiciones&#8221;, dijo.<\/span><\/span><\/span><\/span><\/p>\n","protected":false},"excerpt":{"rendered":"<p>El Presidente del COM se quej\u00f3 de la mala organizaci\u00f3n<\/p>\n","protected":false},"author":20,"featured_media":416730,"comment_status":"closed","ping_status":"closed","sticky":false,"template":"","format":"standard","meta":[],"categories":[7182,7188],"tags":[1911,5664],"_links":{"self":[{"href":"http:\/\/desarrollo.grupomedios.com\/futbol\/wp-json\/wp\/v2\/posts\/416728"}],"collection":[{"href":"http:\/\/desarrollo.grupomedios.com\/futbol\/wp-json\/wp\/v2\/posts"}],"about":[{"href":"http:\/\/desarrollo.grupomedios.com\/futbol\/wp-json\/wp\/v2\/types\/post"}],"author":[{"embeddable":true,"href":"http:\/\/desarrollo.grupomedios.com\/futbol\/wp-json\/wp\/v2\/users\/20"}],"replies":[{"embeddable":true,"href":"http:\/\/desarrollo.grupomedios.com\/futbol\/wp-json\/wp\/v2\/comments?post=416728"}],"version-history":[{"count":0,"href":"http:\/\/desarrollo.grupomedios.com\/futbol\/wp-json\/wp\/v2\/posts\/416728\/revisions"}],"wp:featuredmedia":[{"embeddable":true,"href":"http:\/\/desarrollo.grupomedios.com\/futbol\/wp-json\/wp\/v2\/media\/416730"}],"wp:attachment":[{"href":"http:\/\/desarrollo.grupomedios.com\/futbol\/wp-json\/wp\/v2\/media?parent=416728"}],"wp:term":[{"taxonomy":"category","embeddable":true,"href":"http:\/\/desarrollo.grupomedios.com\/futbol\/wp-json\/wp\/v2\/categories?post=416728"},{"taxonomy":"post_tag","embeddable":true,"href":"http:\/\/desarrollo.grupomedios.com\/futbol\/wp-json\/wp\/v2\/tags?post=416728"}],"curies":[{"name":"wp","href":"https:\/\/api.w.org\/{rel}","templated":true}]}}