{"id":416741,"date":"2016-08-08T22:30:49","date_gmt":"2016-08-09T03:30:49","guid":{"rendered":"http:\/\/www.futboltotal.com.mx\/?p=416741"},"modified":"2016-08-09T10:47:57","modified_gmt":"2016-08-09T15:47:57","slug":"mexicanos-juan-carlos-cabrera-kenia-lechuga-semifinales-remo-rio-2016","status":"publish","type":"post","link":"http:\/\/desarrollo.grupomedios.com\/futbol\/destacado-home\/mexicanos-juan-carlos-cabrera-kenia-lechuga-semifinales-remo-rio-2016\/2016\/08","title":{"rendered":"Mexicanos, a Semifinales de Remo en R\u00edo 2016"},"content":{"rendered":"<p>Los remeros mexicanos, <strong>Juan Carlos Cabrera<\/strong> y <strong>Kenia Lechuga<\/strong>, lograron este martes su pase a las Semifinales de remo corto masculino y femenino y tendr\u00e1n la oportunidad de seguir el camino en busca de una medalla en <strong>R\u00edo 2016<\/strong>.<\/p>\n<p>Ambos disputaron la tercera eliminatoria, que corresponde a los cuartos de final en sus respectivas ramas. <strong>Cabrera<\/strong> registr\u00f3 un tiempo de 6:50.04 minutos para terminar en segundo puesto, por detr\u00e1s del belga Hannes Obreno.<\/p>\n<p style=\"text-align: center;\"><span style=\"color: #3366ff;\">LEER M\u00c1S:\u00a0<a style=\"color: #3366ff;\" href=\"http:\/\/www.futboltotal.com.mx\/2016\/08\/chicharito-crack-en-la-bundesliga\/\">Chicharito, todo un crack en la Bundesliga<\/a><\/span><\/p>\n<p><img decoding=\"async\" loading=\"lazy\" class=\"alignnone size-full wp-image-416743\" src=\"http:\/\/www.futboltotal.com.mx\/wp-content\/uploads\/2016\/08\/cabrera-remo-rio-2016.jpg\" alt=\"cabrera-remo-rio-2016\" srcset=\"http:\/\/desarrollo.grupomedios.com\/futbol\/wp-content\/uploads\/2016\/08\/cabrera-remo-rio-2016.jpg 858w, http:\/\/desarrollo.grupomedios.com\/futbol\/wp-content\/uploads\/2016\/08\/cabrera-remo-rio-2016-300x151.jpg 300w, http:\/\/desarrollo.grupomedios.com\/futbol\/wp-content\/uploads\/2016\/08\/cabrera-remo-rio-2016-768x386.jpg 768w, http:\/\/desarrollo.grupomedios.com\/futbol\/wp-content\/uploads\/2016\/08\/cabrera-remo-rio-2016-340x171.jpg 340w\" sizes=\"(max-width: 858px) 100vw, 858px\" \/><\/p>\n<p>Por su parte, <strong>Lechuga<\/strong> volvi\u00f3 a dar de qu\u00e9 hablar despu\u00e9s de que el pasado s\u00e1bado clasificara como primer lugar a los cuartos de final y esta ocasi\u00f3n tampoco defraud\u00f3. La mexicana qued\u00f3 en tercer lugar, pues la neozelandesa Emma Twigg y de la checa Miroslava Topinkova.<\/p>\n<blockquote class=\"twitter-tweet\" data-lang=\"es\">\n<p dir=\"ltr\" lang=\"es\">Tercer lugar de su heat mexicana <a href=\"https:\/\/twitter.com\/kenialechuga\">@kenialechuga<\/a>, avanza a semifinales de del remo ol\u00edmpico <a href=\"https:\/\/twitter.com\/rio2016_es\">@rio2016_es<\/a> <a href=\"https:\/\/t.co\/7YkssxKT01\">pic.twitter.com\/7YkssxKT01<\/a><\/p>\n<p>\u2014 Comit\u00e9 Ol\u00edmpico MEX (@COM_Mexico) <a href=\"https:\/\/twitter.com\/COM_Mexico\/status\/763007697163735040\">9 de agosto de 2016<\/a><\/p><\/blockquote>\n<p><script src=\"\/\/platform.twitter.com\/widgets.js\" async=\"\" charset=\"utf-8\"><\/script><\/p>\n<p>El pr\u00f3ximo jueves, ambos competidores buscar\u00e1n llegar a la prueba por las medallas en <strong>R\u00edo 2016<\/strong> cuando disputen las Semifinales.<\/p>\n","protected":false},"excerpt":{"rendered":"<p>Cabrera y Lechuga podr\u00e1n pelear por conseguir una medalla<\/p>\n","protected":false},"author":20,"featured_media":416756,"comment_status":"closed","ping_status":"closed","sticky":false,"template":"","format":"standard","meta":[],"categories":[7269,5,7182,7188,7189],"tags":[1911,5664],"_links":{"self":[{"href":"http:\/\/desarrollo.grupomedios.com\/futbol\/wp-json\/wp\/v2\/posts\/416741"}],"collection":[{"href":"http:\/\/desarrollo.grupomedios.com\/futbol\/wp-json\/wp\/v2\/posts"}],"about":[{"href":"http:\/\/desarrollo.grupomedios.com\/futbol\/wp-json\/wp\/v2\/types\/post"}],"author":[{"embeddable":true,"href":"http:\/\/desarrollo.grupomedios.com\/futbol\/wp-json\/wp\/v2\/users\/20"}],"replies":[{"embeddable":true,"href":"http:\/\/desarrollo.grupomedios.com\/futbol\/wp-json\/wp\/v2\/comments?post=416741"}],"version-history":[{"count":0,"href":"http:\/\/desarrollo.grupomedios.com\/futbol\/wp-json\/wp\/v2\/posts\/416741\/revisions"}],"wp:featuredmedia":[{"embeddable":true,"href":"http:\/\/desarrollo.grupomedios.com\/futbol\/wp-json\/wp\/v2\/media\/416756"}],"wp:attachment":[{"href":"http:\/\/desarrollo.grupomedios.com\/futbol\/wp-json\/wp\/v2\/media?parent=416741"}],"wp:term":[{"taxonomy":"category","embeddable":true,"href":"http:\/\/desarrollo.grupomedios.com\/futbol\/wp-json\/wp\/v2\/categories?post=416741"},{"taxonomy":"post_tag","embeddable":true,"href":"http:\/\/desarrollo.grupomedios.com\/futbol\/wp-json\/wp\/v2\/tags?post=416741"}],"curies":[{"name":"wp","href":"https:\/\/api.w.org\/{rel}","templated":true}]}}