{"id":416790,"date":"2016-08-09T13:54:05","date_gmt":"2016-08-09T18:54:05","guid":{"rendered":"http:\/\/www.futboltotal.com.mx\/?p=416790"},"modified":"2016-08-09T14:05:16","modified_gmt":"2016-08-09T19:05:16","slug":"agenda-tv-jornada-5-apertura-2016","status":"publish","type":"post","link":"http:\/\/desarrollo.grupomedios.com\/futbol\/videos\/agenda-tv-jornada-5-apertura-2016\/2016\/08","title":{"rendered":"Agenda TV | Jornada 5 &#8211; Apertura 2016"},"content":{"rendered":"<p>El <strong>Apertura 2016<\/strong> de la <strong><a href=\"http:\/\/liga%20mx\/\">Liga MX<\/a><\/strong> tendr\u00e1, en comparaci\u00f3n con el pasado torneo, cambios significativos en materia de transmisiones de televisi\u00f3n y horarios, toda vez que varios clubes decidieron modificar la hora en que jugar\u00e1n como locales y otros cambiaron de televisora.<\/p>\n<p>Para que no te pierdas con tantas modificaciones, en <em>Futbol Total<\/em> te dejamos la <strong>Agenda de TV<\/strong> de la jornada 5 del <strong>Apertura 2016<\/strong>, fecha que arrancar\u00e1 el pr\u00f3ximo viernes.<\/p>\n<p style=\"text-align: center;\"><span style=\"color: #3366ff;\">LEER M\u00c1S:\u00a0<a style=\"color: #3366ff;\" href=\"http:\/\/www.futboltotal.com.mx\/2016\/08\/recompras-millonarias-en-futbol-europeo\/\">\u00a1Recompras millonarias en el futbol europeo!<\/a><\/span><\/p>\n<p><span style=\"color: #ff0000;\"><strong>VIDEO<\/strong>: Agenda de TV de la jornada 5<\/span><\/p>\n<p>[video_player]https:\/\/player.vimeo.com\/external\/178091581.hd.mp4?s=495d9f056ed455bcb87acc01703d29dcc858891c&amp;profile_id=174[\/video_player]<\/p>\n","protected":false},"excerpt":{"rendered":"<p>Los detalles sobre las transmisi\u00f3n de partidos de la Liga MX<\/p>\n","protected":false},"author":20,"featured_media":411754,"comment_status":"closed","ping_status":"closed","sticky":false,"template":"","format":"standard","meta":[],"categories":[2198,3845,4],"tags":[64],"_links":{"self":[{"href":"http:\/\/desarrollo.grupomedios.com\/futbol\/wp-json\/wp\/v2\/posts\/416790"}],"collection":[{"href":"http:\/\/desarrollo.grupomedios.com\/futbol\/wp-json\/wp\/v2\/posts"}],"about":[{"href":"http:\/\/desarrollo.grupomedios.com\/futbol\/wp-json\/wp\/v2\/types\/post"}],"author":[{"embeddable":true,"href":"http:\/\/desarrollo.grupomedios.com\/futbol\/wp-json\/wp\/v2\/users\/20"}],"replies":[{"embeddable":true,"href":"http:\/\/desarrollo.grupomedios.com\/futbol\/wp-json\/wp\/v2\/comments?post=416790"}],"version-history":[{"count":0,"href":"http:\/\/desarrollo.grupomedios.com\/futbol\/wp-json\/wp\/v2\/posts\/416790\/revisions"}],"wp:featuredmedia":[{"embeddable":true,"href":"http:\/\/desarrollo.grupomedios.com\/futbol\/wp-json\/wp\/v2\/media\/411754"}],"wp:attachment":[{"href":"http:\/\/desarrollo.grupomedios.com\/futbol\/wp-json\/wp\/v2\/media?parent=416790"}],"wp:term":[{"taxonomy":"category","embeddable":true,"href":"http:\/\/desarrollo.grupomedios.com\/futbol\/wp-json\/wp\/v2\/categories?post=416790"},{"taxonomy":"post_tag","embeddable":true,"href":"http:\/\/desarrollo.grupomedios.com\/futbol\/wp-json\/wp\/v2\/tags?post=416790"}],"curies":[{"name":"wp","href":"https:\/\/api.w.org\/{rel}","templated":true}]}}