{"id":416806,"date":"2016-08-09T14:57:22","date_gmt":"2016-08-09T19:57:22","guid":{"rendered":"http:\/\/www.futboltotal.com.mx\/?p=416806"},"modified":"2016-08-09T14:57:22","modified_gmt":"2016-08-09T19:57:22","slug":"twitter-causa-problemas-en-futbol-mexicano","status":"publish","type":"post","link":"http:\/\/desarrollo.grupomedios.com\/futbol\/futbol-mexicano\/twitter-causa-problemas-en-futbol-mexicano\/2016\/08","title":{"rendered":"Twitter causa problemas en el futbol mexicano"},"content":{"rendered":"<p>Al puro estilo de Nery Castillo, <a href=\"http:\/\/www.futboltotal.com.mx\/2016\/08\/aldo-nigris-aplico-nery-castillo-en-twitter\/\" target=\"_blank\"><strong>Aldo de Nigris<\/strong> desestim\u00f3 la opini\u00f3n de un detractor<\/a>\u00a0por medio de <em><strong>Twitter<\/strong><\/em>; plataforma que causa problemas en el futbol mexicano, porque los jugadores\u00a0y t\u00e9cnicos en ocasiones son v\u00edctimas de la \u201ccalentura\u201d y dan respuestas que causan pol\u00e9mica.<\/p>\n<p><span style=\"color: #800000;\"><strong>Aldo de Nigris<\/strong> <\/span>| Esta no es la primera vez que el delantero hace comentarios para defenderse, aunque estos suelen ir acompa\u00f1ado de burlas.<\/p>\n<blockquote class=\"twitter-tweet\" data-lang=\"es\">\n<p dir=\"ltr\" lang=\"es\">Mientras tanto en fb <a href=\"https:\/\/twitter.com\/RicardoFenix26\">@RicardoFenix26<\/a> <a href=\"https:\/\/t.co\/3bIrmMhnqv\">pic.twitter.com\/3bIrmMhnqv<\/a><\/p>\n<p>\u2014 Mr. Plascencia (@mrPlascencia9) <a href=\"https:\/\/twitter.com\/mrPlascencia9\/status\/761413410877689856\">5 de agosto de 2016<\/a><\/p><\/blockquote>\n<p><script src=\"\/\/platform.twitter.com\/widgets.js\" async=\"\" charset=\"utf-8\"><\/script><\/p>\n<p><span style=\"color: #800000;\"><strong>Dami\u00e1n Alvarez<\/strong><\/span> | El mediocampista suele causar pol\u00e9mica en las redes sociales, una de las m\u00e1s memorables es cuando le ment\u00f3 la madre a un aficionado que lo critic\u00f3.<\/p>\n<p><a href=\"http:\/\/www.futboltotal.com.mx\/wp-content\/uploads\/2016\/08\/aldo-de-nigris-twitter-noticias-liga-mx-1.jpg\"><img decoding=\"async\" loading=\"lazy\" class=\"alignnone size-full wp-image-416808\" src=\"http:\/\/www.futboltotal.com.mx\/wp-content\/uploads\/2016\/08\/aldo-de-nigris-twitter-noticias-liga-mx-1.jpg\" alt=\"aldo-de-nigris-twitter-noticias-liga-mx-1\" srcset=\"http:\/\/desarrollo.grupomedios.com\/futbol\/wp-content\/uploads\/2016\/08\/aldo-de-nigris-twitter-noticias-liga-mx-1.jpg 576w, http:\/\/desarrollo.grupomedios.com\/futbol\/wp-content\/uploads\/2016\/08\/aldo-de-nigris-twitter-noticias-liga-mx-1-300x277.jpg 300w\" sizes=\"(max-width: 576px) 100vw, 576px\" \/><\/a><\/p>\n<p><span style=\"color: #800000;\"><strong>Ra\u00fal Guti\u00e9rrez<\/strong><\/span> | Aunque al final termin\u00f3 por llevarse a C\u00e9sar Montes a R\u00edo 2016, <em>Potro<\/em> sum\u00f3 una pol\u00e9mica m\u00e1s en <em><strong>Twitter<\/strong><\/em> al responderle a los regios con un \u201cdejen de llorar\u201d.<\/p>\n<blockquote class=\"twitter-tweet\" data-lang=\"es\"><p>\nYa regios dejen de llorar que hay que ver a <a href=\"https:\/\/twitter.com\/ArturoGlz10\">@ArturoGlz10<\/a> (gol) <a href=\"https:\/\/twitter.com\/GIBRAN_LAJUD\">@GIBRAN_LAJUD<\/a> <a href=\"https:\/\/twitter.com\/alonsoescoboza\">@alonsoescoboza<\/a> <a href=\"https:\/\/twitter.com\/GuzmanPocho\">@GuzmanPocho<\/a>(que les anot\u00f3 golazo)<\/p>\n<p>\u2014 RAULGTZ.\u00ae (@Potropegaso21) <a href=\"https:\/\/twitter.com\/Potropegaso21\/status\/707417440469188608\">9 de marzo de 2016<\/a>\n<\/p><\/blockquote>\n<p><script src=\"\/\/platform.twitter.com\/widgets.js\" async=\"\" charset=\"utf-8\"><\/script><\/p>\n<p><span style=\"color: #800000;\"><strong>Efra\u00edn Ju\u00e1rez<\/strong><\/span> | Durante la Final del Clausura 2016, el mediocampista detuvo un gol con la mano, misma que no se marc\u00f3; luego de recibir numeroso reproches, el jugador respondi\u00f3 con una imagen en el que se mostraban los pechos de Salma Hayek y en la cual aseguraba que que detuvo el esf\u00e9rico con \u00e9sa parte de su cuerpo. Ante las cr\u00edticas por el trato que le dio, el elemento del Monterrey le ech\u00f3 la culpa a su equipo de redes sociales.<\/p>\n<p><a href=\"http:\/\/www.futboltotal.com.mx\/wp-content\/uploads\/2016\/08\/aldo-de-nigris-twitter-noticias-liga-mx-2.jpeg\"><img decoding=\"async\" loading=\"lazy\" class=\"alignnone size-full wp-image-416811\" src=\"http:\/\/www.futboltotal.com.mx\/wp-content\/uploads\/2016\/08\/aldo-de-nigris-twitter-noticias-liga-mx-2.jpeg\" alt=\"aldo-de-nigris-twitter-noticias-liga-mx-2\" srcset=\"http:\/\/desarrollo.grupomedios.com\/futbol\/wp-content\/uploads\/2016\/08\/aldo-de-nigris-twitter-noticias-liga-mx-2.jpeg 464w, http:\/\/desarrollo.grupomedios.com\/futbol\/wp-content\/uploads\/2016\/08\/aldo-de-nigris-twitter-noticias-liga-mx-2-300x169.jpeg 300w, http:\/\/desarrollo.grupomedios.com\/futbol\/wp-content\/uploads\/2016\/08\/aldo-de-nigris-twitter-noticias-liga-mx-2-317x178.jpeg 317w, http:\/\/desarrollo.grupomedios.com\/futbol\/wp-content\/uploads\/2016\/08\/aldo-de-nigris-twitter-noticias-liga-mx-2-374x210.jpeg 374w\" sizes=\"(max-width: 464px) 100vw, 464px\" \/><\/a><\/p>\n<p><span style=\"color: #ff0000;\"><strong>VIDEO<\/strong>: Agenda de TV de la jornada 5<\/span><\/p>\n<p>[video_player]https:\/\/player.vimeo.com\/external\/178091581.hd.mp4?s=495d9f056ed455bcb87acc01703d29dcc858891c&amp;profile_id=174[\/video_player]<\/p>\n","protected":false},"excerpt":{"rendered":"<p>Al puro estilo de Nery Castillo, Aldo de Nigris desestim\u00f3 la opini\u00f3n de un detractor\u00a0por medio de Twitter; plataforma que causa problemas en el futbol mexicano, porque los jugadores\u00a0y t\u00e9cnicos en ocasiones son v\u00edctimas de la \u201ccalentura\u201d y dan respuestas que causan pol\u00e9mica. Aldo de Nigris | Esta no es la primera vez que el [&hellip;]<\/p>\n","protected":false},"author":20,"featured_media":416807,"comment_status":"closed","ping_status":"closed","sticky":false,"template":"","format":"standard","meta":[],"categories":[2198,3845,5950],"tags":[64],"_links":{"self":[{"href":"http:\/\/desarrollo.grupomedios.com\/futbol\/wp-json\/wp\/v2\/posts\/416806"}],"collection":[{"href":"http:\/\/desarrollo.grupomedios.com\/futbol\/wp-json\/wp\/v2\/posts"}],"about":[{"href":"http:\/\/desarrollo.grupomedios.com\/futbol\/wp-json\/wp\/v2\/types\/post"}],"author":[{"embeddable":true,"href":"http:\/\/desarrollo.grupomedios.com\/futbol\/wp-json\/wp\/v2\/users\/20"}],"replies":[{"embeddable":true,"href":"http:\/\/desarrollo.grupomedios.com\/futbol\/wp-json\/wp\/v2\/comments?post=416806"}],"version-history":[{"count":0,"href":"http:\/\/desarrollo.grupomedios.com\/futbol\/wp-json\/wp\/v2\/posts\/416806\/revisions"}],"wp:featuredmedia":[{"embeddable":true,"href":"http:\/\/desarrollo.grupomedios.com\/futbol\/wp-json\/wp\/v2\/media\/416807"}],"wp:attachment":[{"href":"http:\/\/desarrollo.grupomedios.com\/futbol\/wp-json\/wp\/v2\/media?parent=416806"}],"wp:term":[{"taxonomy":"category","embeddable":true,"href":"http:\/\/desarrollo.grupomedios.com\/futbol\/wp-json\/wp\/v2\/categories?post=416806"},{"taxonomy":"post_tag","embeddable":true,"href":"http:\/\/desarrollo.grupomedios.com\/futbol\/wp-json\/wp\/v2\/tags?post=416806"}],"curies":[{"name":"wp","href":"https:\/\/api.w.org\/{rel}","templated":true}]}}