{"id":416854,"date":"2016-08-09T17:10:58","date_gmt":"2016-08-09T22:10:58","guid":{"rendered":"http:\/\/www.futboltotal.com.mx\/?p=416854"},"modified":"2016-08-09T17:10:58","modified_gmt":"2016-08-09T22:10:58","slug":"mexicanos-en-rio-palabras-medallas","status":"publish","type":"post","link":"http:\/\/desarrollo.grupomedios.com\/futbol\/juegos-olimpicos-2016\/mexicanos-en-rio-palabras-medallas\/2016\/08","title":{"rendered":"Mexicanos en R\u00edo, m\u00e1s palabras que medallas"},"content":{"rendered":"<p>Es sabido que la participaci\u00f3n de M\u00e9xico en <strong>Juegos Ol\u00edmpicos<\/strong> siempre es una incognita, pues a pesar de que se esperan pocas medallas, siempre hay atletas en los que se conf\u00eda para que puedan traerlas a casa y poner la bandera del pa\u00eds en alto.<\/p>\n<p>Pero en esta edici\u00f3n de R\u00edo, las cosas han sido distintas y ante el fracaso, los atletas se han ido por otro camino que no les era conocido.<\/p>\n<p>La primera que dio declaraciones pol\u00e9micas fue Aida Rom\u00e1n. Al ser la n\u00famero 14 del mundo en tiro con arco, se esperaba que la mexicana fuera una de las posibles medallistas en R\u00edo, pero fracas\u00f3 y se qued\u00f3 fuera en los Cuartos de Final luego ir en ventaja. Tras finalizar, Aida coment\u00f3: &#8220;No lo s\u00e9 (si ten\u00eda presi\u00f3n). Soy A\u00edda Rom\u00e1n, no le debo nada a nadie&#8221;.<\/p>\n<p style=\"text-align: center;\"><span style=\"color: #3366ff;\">LEER M\u00c1S:\u00a0<a style=\"color: #3366ff;\" href=\"http:\/\/www.futboltotal.com.mx\/2016\/08\/recompras-millonarias-en-futbol-europeo\/\">\u00a1Recompras millonarias en el futbol europeo!<\/a><\/span><\/p>\n<p><img decoding=\"async\" loading=\"lazy\" class=\"alignnone size-full wp-image-416857\" src=\"http:\/\/www.futboltotal.com.mx\/wp-content\/uploads\/2016\/08\/aida-roman.jpg\" alt=\"aida-roman\" srcset=\"http:\/\/desarrollo.grupomedios.com\/futbol\/wp-content\/uploads\/2016\/08\/aida-roman.jpg 858w, http:\/\/desarrollo.grupomedios.com\/futbol\/wp-content\/uploads\/2016\/08\/aida-roman-300x151.jpg 300w, http:\/\/desarrollo.grupomedios.com\/futbol\/wp-content\/uploads\/2016\/08\/aida-roman-768x386.jpg 768w, http:\/\/desarrollo.grupomedios.com\/futbol\/wp-content\/uploads\/2016\/08\/aida-roman-340x171.jpg 340w\" sizes=\"(max-width: 858px) 100vw, 858px\" \/><\/p>\n<p>Quien sigui\u00f3 la l\u00ednea de la tiradora, fue el clavadista Iv\u00e1n Garc\u00eda. Con \u00e9l y German S\u00e1nchez se esperaba otra presea para M\u00e9xico en los <strong>Juegos Ol\u00edmpicos<\/strong>, y a pesar de que llegaron a la prueba final, fueron relegados al quinto lugar, por lo que Garc\u00eda coment\u00f3:<strong>\u00a0<\/strong>&#8220;Estoy tranquilo, ya tengo una medalla.\u00a0Esto no repercute en mi vida, a largo plazo la gente no se va a acordar que fue lo que gan\u00e9 o qu\u00e9 fue lo que perd\u00ed. Esta es una etapa de mi vida nada m\u00e1s. Me quedo tranquilo porque entregu\u00e9 todo y no me qued\u00e9 con nada&#8221;.<\/p>\n<p><img decoding=\"async\" loading=\"lazy\" class=\"alignnone size-full wp-image-416859\" src=\"http:\/\/www.futboltotal.com.mx\/wp-content\/uploads\/2016\/08\/ivan-garcia-clavados.jpg\" alt=\"ivan-garcia-clavados\" srcset=\"http:\/\/desarrollo.grupomedios.com\/futbol\/wp-content\/uploads\/2016\/08\/ivan-garcia-clavados.jpg 858w, http:\/\/desarrollo.grupomedios.com\/futbol\/wp-content\/uploads\/2016\/08\/ivan-garcia-clavados-300x151.jpg 300w, http:\/\/desarrollo.grupomedios.com\/futbol\/wp-content\/uploads\/2016\/08\/ivan-garcia-clavados-768x386.jpg 768w, http:\/\/desarrollo.grupomedios.com\/futbol\/wp-content\/uploads\/2016\/08\/ivan-garcia-clavados-340x171.jpg 340w\" sizes=\"(max-width: 858px) 100vw, 858px\" \/><\/p>\n<p style=\"text-align: center;\"><span style=\"color: #3366ff;\">LEER M\u00c1S:\u00a0<a style=\"color: #3366ff;\" href=\"http:\/\/www.futboltotal.com.mx\/2016\/08\/inter-milan-presenta-a-nuevo-tecnico\/\">Inter de Mil\u00e1n present\u00f3 a su nuevo t\u00e9cnico<\/a><\/span><\/p>\n<p>Ante las criticas que han recibido sus compatriota, el taekwondo\u00edn Uriel Adriano explot\u00f3 en las redes sociales y critic\u00f3 a todos aquellos que llaman &#8220;mediocres&#8221; a los atletas mexicanos por el hecho de no conseguir medallas.<\/p>\n<blockquote class=\"twitter-tweet\" data-lang=\"es\">\n<p dir=\"ltr\" lang=\"es\"><a href=\"https:\/\/twitter.com\/avigdoradriano\">@avigdoradriano<\/a> Que mediocre eres! tu actitud y este tweet es la muestra perfecta del por que no ganan medallas.<\/p>\n<p>\u2014 OXLACK INVESTIGADOR (@OxlackCastro) <a href=\"https:\/\/twitter.com\/OxlackCastro\/status\/763058881073328128\">9 de agosto de 2016<\/a><\/p><\/blockquote>\n<p><script src=\"\/\/platform.twitter.com\/widgets.js\" async=\"\" charset=\"utf-8\"><\/script><\/p>\n","protected":false},"excerpt":{"rendered":"<p>Algunos atletas han reaccionado de mala forma ante las cr\u00edticas<\/p>\n","protected":false},"author":20,"featured_media":416866,"comment_status":"closed","ping_status":"closed","sticky":false,"template":"","format":"standard","meta":[],"categories":[7269,7182,7188],"tags":[1911,5664],"_links":{"self":[{"href":"http:\/\/desarrollo.grupomedios.com\/futbol\/wp-json\/wp\/v2\/posts\/416854"}],"collection":[{"href":"http:\/\/desarrollo.grupomedios.com\/futbol\/wp-json\/wp\/v2\/posts"}],"about":[{"href":"http:\/\/desarrollo.grupomedios.com\/futbol\/wp-json\/wp\/v2\/types\/post"}],"author":[{"embeddable":true,"href":"http:\/\/desarrollo.grupomedios.com\/futbol\/wp-json\/wp\/v2\/users\/20"}],"replies":[{"embeddable":true,"href":"http:\/\/desarrollo.grupomedios.com\/futbol\/wp-json\/wp\/v2\/comments?post=416854"}],"version-history":[{"count":0,"href":"http:\/\/desarrollo.grupomedios.com\/futbol\/wp-json\/wp\/v2\/posts\/416854\/revisions"}],"wp:featuredmedia":[{"embeddable":true,"href":"http:\/\/desarrollo.grupomedios.com\/futbol\/wp-json\/wp\/v2\/media\/416866"}],"wp:attachment":[{"href":"http:\/\/desarrollo.grupomedios.com\/futbol\/wp-json\/wp\/v2\/media?parent=416854"}],"wp:term":[{"taxonomy":"category","embeddable":true,"href":"http:\/\/desarrollo.grupomedios.com\/futbol\/wp-json\/wp\/v2\/categories?post=416854"},{"taxonomy":"post_tag","embeddable":true,"href":"http:\/\/desarrollo.grupomedios.com\/futbol\/wp-json\/wp\/v2\/tags?post=416854"}],"curies":[{"name":"wp","href":"https:\/\/api.w.org\/{rel}","templated":true}]}}