{"id":416868,"date":"2016-08-09T17:32:20","date_gmt":"2016-08-09T22:32:20","guid":{"rendered":"http:\/\/www.futboltotal.com.mx\/?p=416868"},"modified":"2016-08-09T20:03:47","modified_gmt":"2016-08-10T01:03:47","slug":"delantero-del-america-critica-a-detractores-jo","status":"publish","type":"post","link":"http:\/\/desarrollo.grupomedios.com\/futbol\/futbol-mexicano\/delantero-del-america-critica-a-detractores-jo\/2016\/08","title":{"rendered":"Delantero del Am\u00e9rica cr\u00edtica a detractores de JJOO"},"content":{"rendered":"<p>Los <a href=\"http:\/\/www.futboltotal.com.mx\/juegos-olimpicos-2016\/\" target=\"_blank\"><strong>Juegos Ol\u00edmpicos<\/strong><\/a> no est\u00e1n resultando como lo esperan en la delegaci\u00f3n mexicana, pues los atletas se est\u00e1n quedando lejos de competir por una medalla y que\u00a0provoca las numerosas cr\u00edticas del p\u00fablico nacional, situaci\u00f3n que conden\u00f3 el delantero del <a href=\"http:\/\/futboltotal.com.mx\/equipos\/america\/\" target=\"_blank\"><strong>Am\u00e9rica<\/strong><\/a>, <strong>Diego Pineda<\/strong>.<\/p>\n<p>Por medio de <em>Twitter<\/em>, el joven atacante subray\u00f3 que el simple hecho de calificar a R\u00edo 2016 los connacionales ya son ganadores, pues fue fruto de su esfuerzo, postura que divide opiniones, ya que\u00a0un sector considera que no es suficiente con participar si no se cuelga una presea.<\/p>\n<blockquote class=\"twitter-tweet\" data-lang=\"es\">\n<p dir=\"ltr\" lang=\"es\">Esos que critican a los mex. en los JJOO no tienen idea de lo que les cost\u00f3 llegr hasta ah\u00ed, el simple hecho de estar ah\u00ed los hace ganadores<\/p>\n<p>\u2014 Diego Pineda (@dpineda9) <a href=\"https:\/\/twitter.com\/dpineda9\/status\/763047234036391936\">9 de agosto de 2016<\/a><\/p><\/blockquote>\n<p><script src=\"\/\/platform.twitter.com\/widgets.js\" async=\"\" charset=\"utf-8\"><\/script><\/p>\n<p>En \u00e9se mismo tenor, el jugador del <strong>Am\u00e9rica<\/strong> dio un segundo punto e indic\u00f3 que los detractores suelen emitir sus cr\u00edticas \u201cdesde el sof\u00e1\u201d.<\/p>\n<blockquote class=\"twitter-tweet\" data-lang=\"es\"><p>\nPero bueno uds sigan criticando acostados desde su sof\u00e1, bien dicen que el primer enemigo de un mexicano es otro mexicano. \u270c<\/p>\n<p>\u2014 Diego Pineda (@dpineda9) <a href=\"https:\/\/twitter.com\/dpineda9\/status\/763047719862620160\">9 de agosto de 2016<\/a>\n<\/p><\/blockquote>\n<p><script src=\"\/\/platform.twitter.com\/widgets.js\" async=\"\" charset=\"utf-8\"><\/script><\/p>\n","protected":false},"excerpt":{"rendered":"<p>El canterano del Am\u00e9rica defendi\u00f3 a la delegaci\u00f3n mexicana <\/p>\n","protected":false},"author":20,"featured_media":416869,"comment_status":"closed","ping_status":"closed","sticky":false,"template":"","format":"standard","meta":[],"categories":[2198,7182],"tags":[5959],"_links":{"self":[{"href":"http:\/\/desarrollo.grupomedios.com\/futbol\/wp-json\/wp\/v2\/posts\/416868"}],"collection":[{"href":"http:\/\/desarrollo.grupomedios.com\/futbol\/wp-json\/wp\/v2\/posts"}],"about":[{"href":"http:\/\/desarrollo.grupomedios.com\/futbol\/wp-json\/wp\/v2\/types\/post"}],"author":[{"embeddable":true,"href":"http:\/\/desarrollo.grupomedios.com\/futbol\/wp-json\/wp\/v2\/users\/20"}],"replies":[{"embeddable":true,"href":"http:\/\/desarrollo.grupomedios.com\/futbol\/wp-json\/wp\/v2\/comments?post=416868"}],"version-history":[{"count":0,"href":"http:\/\/desarrollo.grupomedios.com\/futbol\/wp-json\/wp\/v2\/posts\/416868\/revisions"}],"wp:featuredmedia":[{"embeddable":true,"href":"http:\/\/desarrollo.grupomedios.com\/futbol\/wp-json\/wp\/v2\/media\/416869"}],"wp:attachment":[{"href":"http:\/\/desarrollo.grupomedios.com\/futbol\/wp-json\/wp\/v2\/media?parent=416868"}],"wp:term":[{"taxonomy":"category","embeddable":true,"href":"http:\/\/desarrollo.grupomedios.com\/futbol\/wp-json\/wp\/v2\/categories?post=416868"},{"taxonomy":"post_tag","embeddable":true,"href":"http:\/\/desarrollo.grupomedios.com\/futbol\/wp-json\/wp\/v2\/tags?post=416868"}],"curies":[{"name":"wp","href":"https:\/\/api.w.org\/{rel}","templated":true}]}}