{"id":416887,"date":"2016-08-09T17:00:35","date_gmt":"2016-08-09T22:00:35","guid":{"rendered":"http:\/\/www.futboltotal.com.mx\/?p=416887"},"modified":"2016-08-09T21:25:14","modified_gmt":"2016-08-10T02:25:14","slug":"espinosa-orozco-sin-medalla-en-clavados-sincronizados","status":"publish","type":"post","link":"http:\/\/desarrollo.grupomedios.com\/futbol\/juegos-olimpicos-2016\/espinosa-orozco-sin-medalla-en-clavados-sincronizados\/2016\/08","title":{"rendered":"Espinosa y Orozco, sin medalla en clavados sincronizados"},"content":{"rendered":"<div class=\"desarrollo\">\n<p>Las clavadistas mexicanas <strong>Paola Espinosa<\/strong> y <strong>Alejandra Orozco<\/strong>,\u00a0medallistas en Londres 2012,\u00a0terminaron hoy sextas en la final ol\u00edmpica de clavados sincronizados desde la plataforma de 10 metros, una competencia que se celebr\u00f3 en una piscina de agua verde por descuido de los organizadores.<\/p>\n<p>El d\u00fao mexicano femenino, uno de los llamados a sumar en el medallero, obtuvo 304.08 puntos y no logr\u00f3 revalidar la plata de Londres 2012, lo que posterga la mala racha de M\u00e9xico en los Juegos de R\u00edo, donde el pa\u00eds todav\u00eda no logra ning\u00fan metal tras cuatro d\u00edas de actividades.<\/p>\n<p style=\"text-align: center;\"><span style=\"color: #3366ff;\"><a style=\"color: #3366ff;\" href=\"http:\/\/www.futboltotal.com.mx\/juegos-olimpicos-2016\/\"><strong>LEER M\u00c1S: Todas las noticias de Juegos Ol\u00edmpicos<\/strong><\/a><\/span><\/p>\n<p>Pese al apoyo de las gradas, donde hubo muchos mexicanos y se protestaron repetidamente las puntuaciones de los jueces de la Federaci\u00f3n Internacional de Nataci\u00f3n (FINA), Espinosa y Orozco firmaron la segunda decepci\u00f3n consecutiva de M\u00e9xico en clavados.<\/p>\n<p>\u201cCr\u00e9anme que es muy dif\u00edcil poder repetir una medalla en unos Juegos Ol\u00edmpicos. M\u00e1s de lo que creemos\u201d, dijo Espinosa, experimentada atleta mexicana tras su cuarta Olimpiada y a quien todav\u00eda le queda la oportunidad de subirse al podio en la prueba individual.<\/p>\n<p>\u201cLes podemos decir que dejamos el coraz\u00f3n en la plataforma\u201d, dijo por su parte Orozco, quien, pese a la derrota, tuvo palabras de elogio para Espinosa, con quien dijo que trabajar es \u201cun honor\u201d.<\/p>\n<p>&nbsp;<\/p>\n<p>Las chinas se alzaron por quintos Juegos consecutivos con el oro en 10 metros sincronizado femenino, con una puntuaci\u00f3n de 354 puntos, seguidas de Malasia con 344.34.<\/p>\n<p>El podio lo complet\u00f3 Canad\u00e1 que, con un brillante \u00faltimo salto, le quit\u00f3 el bronce a Corea del Norte en el \u00faltimo suspiro y termin\u00f3 con 336.18 puntos.<\/p>\n<p>&nbsp;<\/p>\n<\/div>\n","protected":false},"excerpt":{"rendered":"<p>La dupla azteca acab\u00f3 sexta en la prueba de este martes<\/p>\n","protected":false},"author":20,"featured_media":416888,"comment_status":"closed","ping_status":"closed","sticky":false,"template":"","format":"standard","meta":[],"categories":[7269,7185,7182,7188],"tags":[1911,6813],"_links":{"self":[{"href":"http:\/\/desarrollo.grupomedios.com\/futbol\/wp-json\/wp\/v2\/posts\/416887"}],"collection":[{"href":"http:\/\/desarrollo.grupomedios.com\/futbol\/wp-json\/wp\/v2\/posts"}],"about":[{"href":"http:\/\/desarrollo.grupomedios.com\/futbol\/wp-json\/wp\/v2\/types\/post"}],"author":[{"embeddable":true,"href":"http:\/\/desarrollo.grupomedios.com\/futbol\/wp-json\/wp\/v2\/users\/20"}],"replies":[{"embeddable":true,"href":"http:\/\/desarrollo.grupomedios.com\/futbol\/wp-json\/wp\/v2\/comments?post=416887"}],"version-history":[{"count":0,"href":"http:\/\/desarrollo.grupomedios.com\/futbol\/wp-json\/wp\/v2\/posts\/416887\/revisions"}],"wp:featuredmedia":[{"embeddable":true,"href":"http:\/\/desarrollo.grupomedios.com\/futbol\/wp-json\/wp\/v2\/media\/416888"}],"wp:attachment":[{"href":"http:\/\/desarrollo.grupomedios.com\/futbol\/wp-json\/wp\/v2\/media?parent=416887"}],"wp:term":[{"taxonomy":"category","embeddable":true,"href":"http:\/\/desarrollo.grupomedios.com\/futbol\/wp-json\/wp\/v2\/categories?post=416887"},{"taxonomy":"post_tag","embeddable":true,"href":"http:\/\/desarrollo.grupomedios.com\/futbol\/wp-json\/wp\/v2\/tags?post=416887"}],"curies":[{"name":"wp","href":"https:\/\/api.w.org\/{rel}","templated":true}]}}