{"id":416923,"date":"2016-08-10T09:32:27","date_gmt":"2016-08-10T14:32:27","guid":{"rendered":"http:\/\/www.futboltotal.com.mx\/?p=416923"},"modified":"2016-08-10T09:53:57","modified_gmt":"2016-08-10T14:53:57","slug":"boxeador-mexicano-queda-jjoo-enfermedad","status":"publish","type":"post","link":"http:\/\/desarrollo.grupomedios.com\/futbol\/destacado-home\/boxeador-mexicano-queda-jjoo-enfermedad\/2016\/08","title":{"rendered":"Boxeador mexicano queda fuera de JJOO por enfermedad"},"content":{"rendered":"<p>La suerte sigue en contra de los mexicanos en R\u00edo, pues este d\u00eda el boxeador mexicano,<strong> Ra\u00fal Curiel<\/strong>, qued\u00f3 fuera de los <strong>Juegos Ol\u00edmpicos<\/strong> luego de fallar un test m\u00e9dico al que fue sometido previo al combate que tendr\u00eda ante el chino Qianxun Hu.<\/p>\n<p>A trav\u00e9s de un comunicado, el jefe de la misi\u00f3n de la Delegaci\u00f3n Mexicana, Mario Garc\u00eda, confirm\u00f3 que el boxeador padece de una gastroenteritis, por lo que no pudo realizar el \u00faltimo examen.<\/p>\n<p style=\"text-align: center;\"><span style=\"color: #3366ff;\">LEER M\u00c1S:\u00a0<a style=\"color: #3366ff;\" href=\"http:\/\/www.futboltotal.com.mx\/2016\/08\/pizarro-libra-quirofano-tras-lesion-en-rio-2016\/\">PIZARRO LIBRA EL QUIR\u00d3FANO TRAS LESI\u00d3N EN R\u00cdO 2016<\/a><\/span><\/p>\n<blockquote><p>\u201cEs una descompensaci\u00f3n que no le permite participar este d\u00eda en la competencia. \u00c9l tuvo que hacer un esfuerzo adicional para mantenerse en el peso, en esos esfuerzos. Tiene gastroenteritis, que es un problema que no le permite competir\u201d<\/p>\n<blockquote class=\"twitter-tweet\" data-lang=\"es\">\n<p dir=\"ltr\" lang=\"es\">Ra\u00fal Curiel no subir\u00e1 al cuadril\u00e1tero esta ma\u00f1ana, pues padece un fuerte cuadro de infecci\u00f3n estomacal por lo que no pas\u00f3 el control m\u00e9dico.<\/p>\n<p>\u2014 FEMEBOX (@femebox) <a href=\"https:\/\/twitter.com\/femebox\/status\/763364217873321985\">10 de agosto de 2016<\/a><\/p><\/blockquote>\n<p><script src=\"\/\/platform.twitter.com\/widgets.js\" async=\"\" charset=\"utf-8\"><\/script><\/p>\n<p>\u201cRa\u00fal Curiel fall\u00f3 los ex\u00e1menes m\u00e9dicos y como resultado, no podr\u00e1 pelear su combate agendado ante el chino Qianxun Hu. La decisi\u00f3n oficial es que el chino pasa por default\u201d, dice el\u00a0comunicado de parte de la Asociaci\u00f3n Internacional de Boxeo.<\/p><\/blockquote>\n<p><strong>Curiel<\/strong> iba a ser el quinto de seis boxeadores mexicanos que entraba en acci\u00f3n en estos <strong>Juegos Ol\u00edmpicos<\/strong>, pero ahora que fue eliminado, el \u00faltimo ser\u00e1 El\u00edas Emigdio, que pelear\u00e1 el pr\u00f3ximo s\u00e1bado.<\/p>\n","protected":false},"excerpt":{"rendered":"<p>El mexicano qued\u00f3 fuera por gastroentirits<\/p>\n","protected":false},"author":20,"featured_media":416924,"comment_status":"closed","ping_status":"closed","sticky":false,"template":"","format":"standard","meta":[],"categories":[7269,5,7182,7188,7189],"tags":[1911],"_links":{"self":[{"href":"http:\/\/desarrollo.grupomedios.com\/futbol\/wp-json\/wp\/v2\/posts\/416923"}],"collection":[{"href":"http:\/\/desarrollo.grupomedios.com\/futbol\/wp-json\/wp\/v2\/posts"}],"about":[{"href":"http:\/\/desarrollo.grupomedios.com\/futbol\/wp-json\/wp\/v2\/types\/post"}],"author":[{"embeddable":true,"href":"http:\/\/desarrollo.grupomedios.com\/futbol\/wp-json\/wp\/v2\/users\/20"}],"replies":[{"embeddable":true,"href":"http:\/\/desarrollo.grupomedios.com\/futbol\/wp-json\/wp\/v2\/comments?post=416923"}],"version-history":[{"count":0,"href":"http:\/\/desarrollo.grupomedios.com\/futbol\/wp-json\/wp\/v2\/posts\/416923\/revisions"}],"wp:featuredmedia":[{"embeddable":true,"href":"http:\/\/desarrollo.grupomedios.com\/futbol\/wp-json\/wp\/v2\/media\/416924"}],"wp:attachment":[{"href":"http:\/\/desarrollo.grupomedios.com\/futbol\/wp-json\/wp\/v2\/media?parent=416923"}],"wp:term":[{"taxonomy":"category","embeddable":true,"href":"http:\/\/desarrollo.grupomedios.com\/futbol\/wp-json\/wp\/v2\/categories?post=416923"},{"taxonomy":"post_tag","embeddable":true,"href":"http:\/\/desarrollo.grupomedios.com\/futbol\/wp-json\/wp\/v2\/tags?post=416923"}],"curies":[{"name":"wp","href":"https:\/\/api.w.org\/{rel}","templated":true}]}}