{"id":416931,"date":"2016-08-10T11:28:38","date_gmt":"2016-08-10T16:28:38","guid":{"rendered":"http:\/\/www.futboltotal.com.mx\/?p=416931"},"modified":"2016-08-10T11:28:38","modified_gmt":"2016-08-10T16:28:38","slug":"leicester-city-renueva-al-tecnico-ranieri","status":"publish","type":"post","link":"http:\/\/desarrollo.grupomedios.com\/futbol\/futbol-internacional\/leicester-city-renueva-al-tecnico-ranieri\/2016\/08","title":{"rendered":"Ranieri seguir\u00e1 so\u00f1ando con el Leicester"},"content":{"rendered":"<p>El director t\u00e9cnico italiano <strong>Claudio Ranieri<\/strong> firm\u00f3 una extensi\u00f3n de contrato con el <strong>Leicester City<\/strong> por cuatro a\u00f1os, tras conseguir el \u00fanico t\u00edtulo de liga en la historia de los \u201cFoxes\u201d.<\/p>\n<p>La visi\u00f3n que ten\u00edan los due\u00f1os sobre el proyecto hizo que el t\u00e9cnico de 64 a\u00f1os deseara quedarse por mucho tiempo, adem\u00e1s de que la energ\u00eda de los dirigentes, trabajadores, jugadores y fan\u00e1ticos lo hacen muy feliz y orgulloso.<\/p>\n<p style=\"text-align: center;\"><a href=\"http:\/\/www.futboltotal.com.mx\/futbol-internacional\/\"><span style=\"color: #3366ff;\"><strong>LEER M\u00c1S: Todas las noticias de futbol internacional\u00a0<\/strong><\/span><\/a><\/p>\n<blockquote class=\"twitter-tweet\" data-lang=\"es\">\n<p dir=\"ltr\" lang=\"en\">We are delighted to confirm that Claudio Ranieri has signed a new contract to June, 2020! <a href=\"https:\/\/twitter.com\/hashtag\/ranierilcfc?src=hash\">#ranierilcfc<\/a> <a href=\"https:\/\/t.co\/RgUd2It12K\">pic.twitter.com\/RgUd2It12K<\/a><\/p>\n<p>\u2014 Leicester City (@LCFC) <a href=\"https:\/\/twitter.com\/LCFC\/status\/763281220797100032\">10 de agosto de 2016<\/a><\/p><\/blockquote>\n<p><script src=\"\/\/platform.twitter.com\/widgets.js\" async=\"\" charset=\"utf-8\"><\/script><br \/>\n El vicepresidente del club, Aiyawatt Srivaddhanaprabha, afirm\u00f3: \u201cque las cualidades de <strong>Ranieri<\/strong> como entrenador y persona han sido buenas desde que asumi\u00f3 el cargo y estoy encantado de que \u00e9l siga siendo parte del equipo por mucho tiempo\u201d.<\/p>\n<p>Tras su participaci\u00f3n en la International Champions Cup, el <strong>Leicester<\/strong> fue derrotado en el primer partido oficial de la temporada, en la \u201cCommunity Shield\u201d disputada en el estadio de Wembley, tras caer 2-1 ante Manchester United.<\/p>\n<blockquote class=\"twitter-tweet\" data-lang=\"es\"><p>\nVIDEO: Hear from <a href=\"https:\/\/twitter.com\/hashtag\/lcfc?src=hash\">#lcfc<\/a> boss Claudio Ranieri and his skipper <a href=\"https:\/\/twitter.com\/Wes5L1nk\">@Wes5L1nk<\/a> as they discuss the manager\u2019s new contract.<a href=\"https:\/\/t.co\/ZoxljRBk34\">https:\/\/t.co\/ZoxljRBk34<\/a><\/p>\n<p>\u2014 Leicester City (@LCFC) <a href=\"https:\/\/twitter.com\/LCFC\/status\/763397226349547520\">10 de agosto de 2016<\/a>\n<\/p><\/blockquote>\n<p><script src=\"\/\/platform.twitter.com\/widgets.js\" async=\"\" charset=\"utf-8\"><\/script><\/p>\n<p>Los <em>Foxes<\/em>\u00a0comenzar\u00e1n la defensa de su corona del balompi\u00e9 ingl\u00e9s frente al reci\u00e9n ascendido Hull City, en la primera jornada de la temporada 2016-2017.<\/p>\n<p>Para la nueva campa\u00f1a el equipo tuvo las bajas del franc\u00e9s N&#8217;Golo Kante y el croata Andrej Kramaric, pero sum\u00f3 al defensor espa\u00f1ol Luis Hern\u00e1ndez, el portero alem\u00e1n Robert Zieler, el mediocampista franc\u00e9s Nampalys Mendy, el tambi\u00e9n medio polaco Bartosz Kapustka y al delantero nigeriano Ahmed Musa.<\/p>\n","protected":false},"excerpt":{"rendered":"<p>El entrenador italiano firma millonaria renovaci\u00f3n con el campe\u00f3n ingl\u00e9s<\/p>\n","protected":false},"author":20,"featured_media":416937,"comment_status":"closed","ping_status":"closed","sticky":false,"template":"","format":"standard","meta":[],"categories":[3839,3846,5951],"tags":[5025,775],"_links":{"self":[{"href":"http:\/\/desarrollo.grupomedios.com\/futbol\/wp-json\/wp\/v2\/posts\/416931"}],"collection":[{"href":"http:\/\/desarrollo.grupomedios.com\/futbol\/wp-json\/wp\/v2\/posts"}],"about":[{"href":"http:\/\/desarrollo.grupomedios.com\/futbol\/wp-json\/wp\/v2\/types\/post"}],"author":[{"embeddable":true,"href":"http:\/\/desarrollo.grupomedios.com\/futbol\/wp-json\/wp\/v2\/users\/20"}],"replies":[{"embeddable":true,"href":"http:\/\/desarrollo.grupomedios.com\/futbol\/wp-json\/wp\/v2\/comments?post=416931"}],"version-history":[{"count":0,"href":"http:\/\/desarrollo.grupomedios.com\/futbol\/wp-json\/wp\/v2\/posts\/416931\/revisions"}],"wp:featuredmedia":[{"embeddable":true,"href":"http:\/\/desarrollo.grupomedios.com\/futbol\/wp-json\/wp\/v2\/media\/416937"}],"wp:attachment":[{"href":"http:\/\/desarrollo.grupomedios.com\/futbol\/wp-json\/wp\/v2\/media?parent=416931"}],"wp:term":[{"taxonomy":"category","embeddable":true,"href":"http:\/\/desarrollo.grupomedios.com\/futbol\/wp-json\/wp\/v2\/categories?post=416931"},{"taxonomy":"post_tag","embeddable":true,"href":"http:\/\/desarrollo.grupomedios.com\/futbol\/wp-json\/wp\/v2\/tags?post=416931"}],"curies":[{"name":"wp","href":"https:\/\/api.w.org\/{rel}","templated":true}]}}