{"id":416964,"date":"2016-08-10T14:01:05","date_gmt":"2016-08-10T19:01:05","guid":{"rendered":"http:\/\/www.futboltotal.com.mx\/?p=416964"},"modified":"2016-08-10T15:53:53","modified_gmt":"2016-08-10T20:53:53","slug":"en-vivo-alemania-vs-fiyi-juegos-olimpicos","status":"publish","type":"post","link":"http:\/\/desarrollo.grupomedios.com\/futbol\/futbol-internacional\/en-vivo-alemania-vs-fiyi-juegos-olimpicos\/2016\/08","title":{"rendered":"AS\u00cd SE VIVI\u00d3 | ALEMANIA 10-0 FIYI | JUEGOS OL\u00cdMPICOS"},"content":{"rendered":"<p>Con este resultado, <span style=\"color: #3366ff;\"><strong><a style=\"color: #3366ff;\" href=\"http:\/\/www.futboltotal.com.mx\/2016\/08\/en-vivo-mexico-vs-corea-del-sur-juegos-olimpicos\/\" target=\"_blank\">M\u00e9xico tiene que GANAR a Corea del Sur.<\/a>\u00a0<\/strong><\/span><\/p>\n<p><a class=\"twitter-timeline\" href=\"https:\/\/twitter.com\/DFB_Team_EN\">Tweets by DFB_Team_EN<\/a><\/p>\n<p><script src=\"\/\/platform.twitter.com\/widgets.js\" async=\"\" charset=\"utf-8\"><\/script><\/p>\n","protected":false},"excerpt":{"rendered":"<p>Alemania busca clasificar como primer lugar del Grupo C<\/p>\n","protected":false},"author":20,"featured_media":416967,"comment_status":"closed","ping_status":"closed","sticky":false,"template":"","format":"standard","meta":[],"categories":[3839,7186,7182],"tags":[1911],"_links":{"self":[{"href":"http:\/\/desarrollo.grupomedios.com\/futbol\/wp-json\/wp\/v2\/posts\/416964"}],"collection":[{"href":"http:\/\/desarrollo.grupomedios.com\/futbol\/wp-json\/wp\/v2\/posts"}],"about":[{"href":"http:\/\/desarrollo.grupomedios.com\/futbol\/wp-json\/wp\/v2\/types\/post"}],"author":[{"embeddable":true,"href":"http:\/\/desarrollo.grupomedios.com\/futbol\/wp-json\/wp\/v2\/users\/20"}],"replies":[{"embeddable":true,"href":"http:\/\/desarrollo.grupomedios.com\/futbol\/wp-json\/wp\/v2\/comments?post=416964"}],"version-history":[{"count":0,"href":"http:\/\/desarrollo.grupomedios.com\/futbol\/wp-json\/wp\/v2\/posts\/416964\/revisions"}],"wp:featuredmedia":[{"embeddable":true,"href":"http:\/\/desarrollo.grupomedios.com\/futbol\/wp-json\/wp\/v2\/media\/416967"}],"wp:attachment":[{"href":"http:\/\/desarrollo.grupomedios.com\/futbol\/wp-json\/wp\/v2\/media?parent=416964"}],"wp:term":[{"taxonomy":"category","embeddable":true,"href":"http:\/\/desarrollo.grupomedios.com\/futbol\/wp-json\/wp\/v2\/categories?post=416964"},{"taxonomy":"post_tag","embeddable":true,"href":"http:\/\/desarrollo.grupomedios.com\/futbol\/wp-json\/wp\/v2\/tags?post=416964"}],"curies":[{"name":"wp","href":"https:\/\/api.w.org\/{rel}","templated":true}]}}