{"id":416976,"date":"2016-08-10T14:18:58","date_gmt":"2016-08-10T19:18:58","guid":{"rendered":"http:\/\/www.futboltotal.com.mx\/?p=416976"},"modified":"2016-08-10T14:19:51","modified_gmt":"2016-08-10T19:19:51","slug":"chicharito-defiende-a-mexicanos-de-juegos-olimpicos","status":"publish","type":"post","link":"http:\/\/desarrollo.grupomedios.com\/futbol\/destacado-home\/chicharito-defiende-a-mexicanos-de-juegos-olimpicos\/2016\/08","title":{"rendered":"Chicharito defiende a mexicanos de Juegos Ol\u00edmpicos"},"content":{"rendered":"<p>Luego de cuatro d\u00edas, la <strong>delegaci\u00f3n mexicana<\/strong> sigue sin conseguir una medalla en los <a href=\"http:\/\/www.futboltotal.com.mx\/juegos-olimpicos-2016\" target=\"_blank\"><strong>Juegos Ol\u00edmpicos<\/strong><\/a> e incluso los representantes nacionales se quedaron lejos de competir por una, por ello la afici\u00f3n cr\u00edtica sus actuaciones. Ante este panorama, <strong><em>Chicharito<\/em> Hern\u00e1ndez<\/strong> sali\u00f3 en defensa de los atletas.<\/p>\n<blockquote class=\"twitter-tweet\" data-lang=\"es\">\n<p dir=\"ltr\" lang=\"es\">Totalmente de acuerdo! <a href=\"https:\/\/t.co\/rMzOTdoHvH\">https:\/\/t.co\/rMzOTdoHvH<\/a><\/p>\n<p>\u2014 Chicharito Hernandez (@CH14_) <a href=\"https:\/\/twitter.com\/CH14_\/status\/763114570839912448\">9 de agosto de 2016<\/a><\/p><\/blockquote>\n<p><script src=\"\/\/platform.twitter.com\/widgets.js\" async=\"\" charset=\"utf-8\"><\/script><\/p>\n<p>Por medio de <em>Twitter<\/em>, el delantero del Bayer Leverkusen le respondi\u00f3 a unos usuarios en el cual destaca el esfuerzo de los deportistas para calificarse a R\u00edo 2016 lo cual deber\u00eda ser valorado.<\/p>\n<blockquote class=\"twitter-tweet\" data-lang=\"es\"><p>\n<a href=\"https:\/\/twitter.com\/mx_drz\">@mx_drz<\/a> Soy el indicado al igual que t\u00fa de opinar lo que sea, y si fuera conformista no habr\u00eda tenido tantas bendiciones en mi vida.\u270c\ufe0f<\/p>\n<p>\u2014 Chicharito Hernandez (@CH14_) <a href=\"https:\/\/twitter.com\/CH14_\/status\/763124121807024128\">9 de agosto de 2016<\/a>\n<\/p><\/blockquote>\n<p><script src=\"\/\/platform.twitter.com\/widgets.js\" async=\"\" charset=\"utf-8\"><\/script><\/p>\n<p>La postura de <strong><em>Chicharito<\/em><\/strong> dividi\u00f3 opiniones, pues \u00e9l se neg\u00f3 a ser refuerzo para los <strong>Juegos Ol\u00edmpicos<\/strong>, adem\u00e1s que viene del 7-0 ante Chile en la Copa Am\u00e9rica.<\/p>\n<p>El delantero no es el primer deportista que sale a defender la actuaci\u00f3n ya que el martes, el atacante del Am\u00e9rica, Diego Pineda, tambi\u00e9n <a href=\"http:\/\/www.futboltotal.com.mx\/2016\/08\/delantero-del-america-critica-a-detractores-jo\/\" target=\"_blank\">desestim\u00f3 las cr\u00edticas del p\u00fablico<\/a> al considerarla inv\u00e1lidas.<\/p>\n","protected":false},"excerpt":{"rendered":"<p>El delantero destac\u00f3 la entrega de la delegaci\u00f3n nacional<\/p>\n","protected":false},"author":20,"featured_media":416979,"comment_status":"closed","ping_status":"closed","sticky":false,"template":"","format":"standard","meta":[],"categories":[5,7182,7188],"tags":[120,1911],"_links":{"self":[{"href":"http:\/\/desarrollo.grupomedios.com\/futbol\/wp-json\/wp\/v2\/posts\/416976"}],"collection":[{"href":"http:\/\/desarrollo.grupomedios.com\/futbol\/wp-json\/wp\/v2\/posts"}],"about":[{"href":"http:\/\/desarrollo.grupomedios.com\/futbol\/wp-json\/wp\/v2\/types\/post"}],"author":[{"embeddable":true,"href":"http:\/\/desarrollo.grupomedios.com\/futbol\/wp-json\/wp\/v2\/users\/20"}],"replies":[{"embeddable":true,"href":"http:\/\/desarrollo.grupomedios.com\/futbol\/wp-json\/wp\/v2\/comments?post=416976"}],"version-history":[{"count":0,"href":"http:\/\/desarrollo.grupomedios.com\/futbol\/wp-json\/wp\/v2\/posts\/416976\/revisions"}],"wp:featuredmedia":[{"embeddable":true,"href":"http:\/\/desarrollo.grupomedios.com\/futbol\/wp-json\/wp\/v2\/media\/416979"}],"wp:attachment":[{"href":"http:\/\/desarrollo.grupomedios.com\/futbol\/wp-json\/wp\/v2\/media?parent=416976"}],"wp:term":[{"taxonomy":"category","embeddable":true,"href":"http:\/\/desarrollo.grupomedios.com\/futbol\/wp-json\/wp\/v2\/categories?post=416976"},{"taxonomy":"post_tag","embeddable":true,"href":"http:\/\/desarrollo.grupomedios.com\/futbol\/wp-json\/wp\/v2\/tags?post=416976"}],"curies":[{"name":"wp","href":"https:\/\/api.w.org\/{rel}","templated":true}]}}