{"id":417048,"date":"2016-08-10T16:34:59","date_gmt":"2016-08-10T21:34:59","guid":{"rendered":"http:\/\/www.futboltotal.com.mx\/?p=417048"},"modified":"2025-12-17T12:52:52","modified_gmt":"2025-12-17T18:52:52","slug":"las-7-decepciones-del-tri-olimpico","status":"publish","type":"post","link":"http:\/\/desarrollo.grupomedios.com\/futbol\/destacado-home\/las-7-decepciones-del-tri-olimpico\/2016\/08","title":{"rendered":"Las 7 decepciones del Tri Ol\u00edmpico"},"content":{"rendered":"<p>La delegaci\u00f3n mexicana sigue cosechando fracasos, ahora fue en el futbol donde el <strong>Tri Ol\u00edmpico<\/strong> fue incapaz de defender su medalla de oro y sucumbi\u00f3 frente a <strong>Corea del Sur<\/strong> (1-0), con lo cual se despidi\u00f3 de <strong>R\u00edo 2016<\/strong>. De esta forma, la pregunta surge \u00bfqui\u00e9n decepcion\u00f3 m\u00e1s?<\/p>\n<p><script src=\"\/\/cdn.playbuzz.com\/widget\/feed.js\" type=\"text\/javascript\"><\/script><\/p>\n<div class=\"pb_feed\" data-embed-by=\"d43f3879-83ed-40bc-99d7-fde80605466f\" data-game=\"\/futboltotal\/las-7-decepciones-del-tri-ol-mpico\" data-recommend=\"false\" data-game-info=\"false\" data-comments=\"false\"><\/div>\n<p><span style=\"color: #800000;\"><strong>Hirving Lozano<\/strong><\/span> | Nunca termin\u00f3 por pesar, frente Alemania fall\u00f3 claras oportunidades y contra Corea incluso se gan\u00f3 la expulsi\u00f3n.<\/p>\n<p><span style=\"color: #800000;\"><strong>Jorge Torres Nilo<\/strong> <\/span>| Su aporte fue por debajo del que se esperaba al ser un refuerzo e incluso abandon\u00f3 el campo contra los asi\u00e1ticos.<\/p>\n<p><span style=\"color: #800000;\"><strong>Alfredo Talavera<\/strong><\/span> | Aunque coparte menos culpabilidad, Tala no logr\u00f3 infundir mayor respeto como lo hiciera Jes\u00fas Corona en Londres 2012.<\/p>\n<p><span style=\"color: #800000;\"><strong>Erick Torre<\/strong> <\/span>| A M\u00e9xico le falt\u00f3 gol, el Cubo fue incapaz sustituir el lugar que dej\u00f3 a Oribe Peralta .<\/p>\n<p><span style=\"color: #800000;\"><strong>Carlos Salcedo<\/strong><\/span> | La defensa cometi\u00f3 errores que condenaron a la eliminaci\u00f3n, parte porque el Tit\u00e1n no se consolid\u00f3 como l\u00edder.<\/p>\n<p><span style=\"color: #800000;\"><strong>Ra\u00fal Guti\u00e9rrez<\/strong> <\/span>| El Potro no supo c\u00f3mo romper la estrategia de Corea del Sur, adem\u00e1s cuando cay\u00f3 el gol, el equipo vino a menos.<\/p>\n<p><span style=\"color: #800000;\"><strong>Femexfut<\/strong><\/span> | El organismo careci\u00f3 de una planeaci\u00f3n clara, no consigui\u00f3 los refuerzos que quer\u00eda el Potro, adem\u00e1s que los jugadores no se concentraron con el Tri, sino que siguieron participando con sus clubes.<\/p>\n","protected":false},"excerpt":{"rendered":"<p>El Selecci\u00f3n de Futbol tambi\u00e9n fracas\u00f3 en los Juegos Ol\u00edmpicos <\/p>\n","protected":false},"author":20,"featured_media":520547,"comment_status":"closed","ping_status":"closed","sticky":false,"template":"","format":"standard","meta":[],"categories":[5,7186,7182,3847],"tags":[2377],"_links":{"self":[{"href":"http:\/\/desarrollo.grupomedios.com\/futbol\/wp-json\/wp\/v2\/posts\/417048"}],"collection":[{"href":"http:\/\/desarrollo.grupomedios.com\/futbol\/wp-json\/wp\/v2\/posts"}],"about":[{"href":"http:\/\/desarrollo.grupomedios.com\/futbol\/wp-json\/wp\/v2\/types\/post"}],"author":[{"embeddable":true,"href":"http:\/\/desarrollo.grupomedios.com\/futbol\/wp-json\/wp\/v2\/users\/20"}],"replies":[{"embeddable":true,"href":"http:\/\/desarrollo.grupomedios.com\/futbol\/wp-json\/wp\/v2\/comments?post=417048"}],"version-history":[{"count":1,"href":"http:\/\/desarrollo.grupomedios.com\/futbol\/wp-json\/wp\/v2\/posts\/417048\/revisions"}],"predecessor-version":[{"id":520655,"href":"http:\/\/desarrollo.grupomedios.com\/futbol\/wp-json\/wp\/v2\/posts\/417048\/revisions\/520655"}],"wp:featuredmedia":[{"embeddable":true,"href":"http:\/\/desarrollo.grupomedios.com\/futbol\/wp-json\/wp\/v2\/media\/520547"}],"wp:attachment":[{"href":"http:\/\/desarrollo.grupomedios.com\/futbol\/wp-json\/wp\/v2\/media?parent=417048"}],"wp:term":[{"taxonomy":"category","embeddable":true,"href":"http:\/\/desarrollo.grupomedios.com\/futbol\/wp-json\/wp\/v2\/categories?post=417048"},{"taxonomy":"post_tag","embeddable":true,"href":"http:\/\/desarrollo.grupomedios.com\/futbol\/wp-json\/wp\/v2\/tags?post=417048"}],"curies":[{"name":"wp","href":"https:\/\/api.w.org\/{rel}","templated":true}]}}