{"id":417147,"date":"2016-08-11T13:20:31","date_gmt":"2016-08-11T18:20:31","guid":{"rendered":"http:\/\/www.futboltotal.com.mx\/?p=417147"},"modified":"2016-08-11T15:03:20","modified_gmt":"2016-08-11T20:03:20","slug":"valencia-mantiene-esperanza-medalla-mexico","status":"publish","type":"post","link":"http:\/\/desarrollo.grupomedios.com\/futbol\/juegos-olimpicos-2016\/valencia-mantiene-esperanza-medalla-mexico\/2016\/08","title":{"rendered":"Valencia pelear\u00e1 por la medalla de bronce en Tiro con Arco"},"content":{"rendered":"<p>Despu\u00e9s de que el pasado mi\u00e9rcoles <strong>Alejandra Valencia<\/strong> clasificara de forma emotiva a los Cuartos de Final, esta ma\u00f1ana la mexicana no defraud\u00f3 y se impuso en \u00e9sta fase de tiro con arco de los <strong>Juegos Ol\u00edmpicos<\/strong> de <strong>R\u00edo 2016<\/strong> a la competidora de la India, Bombayla Laishram.<\/p>\n<blockquote class=\"twitter-tweet\" data-lang=\"es\">\n<p dir=\"ltr\" lang=\"es\">Mexicana <a href=\"https:\/\/twitter.com\/micozito\">@micozito<\/a> Alejandra Valencia 6-2 a Bombayla Dev Laishram (India) y pas\u00f3 a los cuartos de final del torneo ol\u00edmpico de tiro con arco<\/p>\n<p>\u2014 Comit\u00e9 Ol\u00edmpico MEX (@COM_Mexico) <a href=\"https:\/\/twitter.com\/COM_Mexico\/status\/763717009251131392\">11 de agosto de 2016<\/a><\/p><\/blockquote>\n<p><script src=\"\/\/platform.twitter.com\/widgets.js\" async=\"\" charset=\"utf-8\"><\/script><\/p>\n<p>La Arena Samb\u00f3dromo fue la sede donde\u00a0<strong>Valencia<\/strong> gan\u00f3 con marcador de 6-2, tras parciales de 28-26, 23-26, 28-27 y 25-23, para as\u00ed lograr la clasificaci\u00f3n para los cuartos de final ante la coreana Misun Choi.<\/p>\n<p style=\"text-align: center;\"><span style=\"color: #3366ff;\">LEER M\u00c1S:\u00a0<a style=\"color: #3366ff;\" href=\"http:\/\/www.futboltotal.com.mx\/2016\/08\/resultados-argentina-1-1-honduras-juegos-olimpicos\/\">HONDURAS REPITE HAZA\u00d1A Y ELIMINA A ARGENTINA<\/a><\/span><\/p>\n<p>\u00a0La mexicana, se tendr\u00e1 que enfrentar a la n\u00famero uno del mundo, aunque si logra el triunfo, estar\u00e1 asegurando la pelea por las medallas para M\u00e9xico.<\/p>\n<p><strong>ACTUALIZACI\u00d3N.<\/strong><\/p>\n<p><strong>Alejandra Valencia<\/strong>, en la ronda de Cuartos de Final derrot\u00f3 a la coreana Choi Misun y avanz\u00f3 a las semifinales del Tiro con arco en la categor\u00eda individual. La mexicana aplast\u00f3 a su competidora y se llev\u00f3 los tres sets de la competencia con resultado de 6-0 y tendr\u00e1 el derecho de luchar por una medalla en los Juegos Ol\u00edmpicos de R\u00edo 2016 cuando enfrente a la alemana Lisa Unruh.<\/p>\n<div><img decoding=\"async\" loading=\"lazy\" class=\"alignnone size-full wp-image-417149\" src=\"http:\/\/www.futboltotal.com.mx\/wp-content\/uploads\/2016\/08\/alejandra-valencia-rio-2016.jpg\" alt=\"alejandra-valencia-rio-2016\" srcset=\"http:\/\/desarrollo.grupomedios.com\/futbol\/wp-content\/uploads\/2016\/08\/alejandra-valencia-rio-2016.jpg 858w, http:\/\/desarrollo.grupomedios.com\/futbol\/wp-content\/uploads\/2016\/08\/alejandra-valencia-rio-2016-300x151.jpg 300w, http:\/\/desarrollo.grupomedios.com\/futbol\/wp-content\/uploads\/2016\/08\/alejandra-valencia-rio-2016-768x386.jpg 768w, http:\/\/desarrollo.grupomedios.com\/futbol\/wp-content\/uploads\/2016\/08\/alejandra-valencia-rio-2016-340x171.jpg 340w\" sizes=\"(max-width: 858px) 100vw, 858px\" \/><\/div>\n<p>&nbsp;<\/p>\n","protected":false},"excerpt":{"rendered":"<p>La mexicana participar\u00e1 en la Semifinales<\/p>\n","protected":false},"author":20,"featured_media":417197,"comment_status":"closed","ping_status":"closed","sticky":false,"template":"","format":"standard","meta":[],"categories":[7269,7183,7182,7188],"tags":[1911,5664],"_links":{"self":[{"href":"http:\/\/desarrollo.grupomedios.com\/futbol\/wp-json\/wp\/v2\/posts\/417147"}],"collection":[{"href":"http:\/\/desarrollo.grupomedios.com\/futbol\/wp-json\/wp\/v2\/posts"}],"about":[{"href":"http:\/\/desarrollo.grupomedios.com\/futbol\/wp-json\/wp\/v2\/types\/post"}],"author":[{"embeddable":true,"href":"http:\/\/desarrollo.grupomedios.com\/futbol\/wp-json\/wp\/v2\/users\/20"}],"replies":[{"embeddable":true,"href":"http:\/\/desarrollo.grupomedios.com\/futbol\/wp-json\/wp\/v2\/comments?post=417147"}],"version-history":[{"count":0,"href":"http:\/\/desarrollo.grupomedios.com\/futbol\/wp-json\/wp\/v2\/posts\/417147\/revisions"}],"wp:featuredmedia":[{"embeddable":true,"href":"http:\/\/desarrollo.grupomedios.com\/futbol\/wp-json\/wp\/v2\/media\/417197"}],"wp:attachment":[{"href":"http:\/\/desarrollo.grupomedios.com\/futbol\/wp-json\/wp\/v2\/media?parent=417147"}],"wp:term":[{"taxonomy":"category","embeddable":true,"href":"http:\/\/desarrollo.grupomedios.com\/futbol\/wp-json\/wp\/v2\/categories?post=417147"},{"taxonomy":"post_tag","embeddable":true,"href":"http:\/\/desarrollo.grupomedios.com\/futbol\/wp-json\/wp\/v2\/tags?post=417147"}],"curies":[{"name":"wp","href":"https:\/\/api.w.org\/{rel}","templated":true}]}}