{"id":417152,"date":"2016-08-11T09:56:46","date_gmt":"2016-08-11T14:56:46","guid":{"rendered":"http:\/\/www.futboltotal.com.mx\/?p=417152"},"modified":"2016-08-11T11:17:15","modified_gmt":"2016-08-11T16:17:15","slug":"ter-stegen-se-pierde-la-supercopa-espana","status":"publish","type":"post","link":"http:\/\/desarrollo.grupomedios.com\/futbol\/futbol-internacional\/ter-stegen-se-pierde-la-supercopa-espana\/2016\/08","title":{"rendered":"Ter Stegen se pierde la Supercopa de Espa\u00f1a"},"content":{"rendered":"<p>El arquero del <strong>Barcelona<\/strong>, <strong>Marc Andr\u00e9 Ter-Stege<\/strong>n, no estar\u00e1 disponible para la <strong>Supercopa de Espa\u00f1a<\/strong>, que se disputar\u00e1 a dobe partido los pr\u00f3ximo 14 y 17 de agosto. La ausencia del alem\u00e1n ha sido confirmada este jueves por el conjunto catal\u00e1n a trav\u00e9s de un comunicado.<\/p>\n<p>&#8220;Ter Stegen sufre un esguince en el ligamento lateral interno de la rodilla izquierda en el entrenamiento de esta ma\u00f1ana. Ser\u00e1 baja para el partido del domingo ante el Sevilla&#8221;, cita el comunicado en la p\u00e1gina web del club catal\u00e1n, en el cual no precisa el alcance de la lesi\u00f3n y enfatiza que &#8220;la evoluci\u00f3n de la lesi\u00f3n marcar\u00e1 la disponibilidad para los pr\u00f3ximos entrenamientos del portero&#8221;.<\/p>\n<p style=\"text-align: center;\"><span style=\"color: #3366ff;\"><strong>LEER M\u00c1S: Messi y Su\u00e1rez honran al Gamper<\/strong><\/span><\/p>\n<blockquote class=\"twitter-tweet\" data-lang=\"es\">\n<p dir=\"ltr\" lang=\"es\">[COMUNICADO M\u00c9DICO] Ter Stegen, baja para la ida de la Supercopa de Espa\u00f1a <a href=\"https:\/\/t.co\/I8MGCQAD7Y\">https:\/\/t.co\/I8MGCQAD7Y<\/a> <a href=\"https:\/\/t.co\/TLeVoj29D4\">pic.twitter.com\/TLeVoj29D4<\/a><\/p>\n<p>\u2014 FC Barcelona (@FCBarcelona_es) <a href=\"https:\/\/twitter.com\/FCBarcelona_es\/status\/763698580725071872\">11 de agosto de 2016<\/a><\/p><\/blockquote>\n<p><script src=\"\/\/platform.twitter.com\/widgets.js\" async=\"\" charset=\"utf-8\"><\/script><\/p>\n<p>Al margen de la evoluci\u00f3n que pueda tener el portero, una lesi\u00f3n como la que padece al menos lo tendr\u00e1 alejado de las canchas entre cuatro y seis semanas. De esta manera tampoco podr\u00eda tener actividad para el duelo de Vuelta que se disputa tres d\u00edas despu\u00e9s en el Camp Nou.<\/p>\n<p>A ello habr\u00e1 que sumar que para el arranque liguero ante el Betis y los duelos ante Athletic de Bilbao, Alav\u00e9s y Legan\u00e9s tampoco estar\u00eda disponible. Stegen podr\u00eda reaparecer justo para enfrentar al Atl\u00e9tico, el primer duelo m\u00e1s importante de la temporada en la agenda de los <em>Cul\u00e9s<\/em>, que tendr\u00e1 lugar el 21 de septiembre de 2016.<\/p>\n","protected":false},"excerpt":{"rendered":"<p>El arquero del Bar\u00e7a se lesion\u00f3 y es duda para el arranque liguero<\/p>\n","protected":false},"author":20,"featured_media":417161,"comment_status":"closed","ping_status":"closed","sticky":false,"template":"","format":"standard","meta":[],"categories":[3839,3844,5951],"tags":[5984,2933],"_links":{"self":[{"href":"http:\/\/desarrollo.grupomedios.com\/futbol\/wp-json\/wp\/v2\/posts\/417152"}],"collection":[{"href":"http:\/\/desarrollo.grupomedios.com\/futbol\/wp-json\/wp\/v2\/posts"}],"about":[{"href":"http:\/\/desarrollo.grupomedios.com\/futbol\/wp-json\/wp\/v2\/types\/post"}],"author":[{"embeddable":true,"href":"http:\/\/desarrollo.grupomedios.com\/futbol\/wp-json\/wp\/v2\/users\/20"}],"replies":[{"embeddable":true,"href":"http:\/\/desarrollo.grupomedios.com\/futbol\/wp-json\/wp\/v2\/comments?post=417152"}],"version-history":[{"count":0,"href":"http:\/\/desarrollo.grupomedios.com\/futbol\/wp-json\/wp\/v2\/posts\/417152\/revisions"}],"wp:featuredmedia":[{"embeddable":true,"href":"http:\/\/desarrollo.grupomedios.com\/futbol\/wp-json\/wp\/v2\/media\/417161"}],"wp:attachment":[{"href":"http:\/\/desarrollo.grupomedios.com\/futbol\/wp-json\/wp\/v2\/media?parent=417152"}],"wp:term":[{"taxonomy":"category","embeddable":true,"href":"http:\/\/desarrollo.grupomedios.com\/futbol\/wp-json\/wp\/v2\/categories?post=417152"},{"taxonomy":"post_tag","embeddable":true,"href":"http:\/\/desarrollo.grupomedios.com\/futbol\/wp-json\/wp\/v2\/tags?post=417152"}],"curies":[{"name":"wp","href":"https:\/\/api.w.org\/{rel}","templated":true}]}}