{"id":417177,"date":"2016-08-11T11:48:41","date_gmt":"2016-08-11T16:48:41","guid":{"rendered":"http:\/\/www.futboltotal.com.mx\/?p=417177"},"modified":"2016-08-11T11:50:52","modified_gmt":"2016-08-11T16:50:52","slug":"resultados-colombia-2-0-nigeria-juegos-olimpicos","status":"publish","type":"post","link":"http:\/\/desarrollo.grupomedios.com\/futbol\/uncategorized\/resultados-colombia-2-0-nigeria-juegos-olimpicos\/2016\/08","title":{"rendered":"Triunfo colombiano, con sabor azteca"},"content":{"rendered":"<p>Una afinada <strong>selecci\u00f3n colombiana<\/strong>, como no se hab\u00eda visto en sus dos primeros partidos de los <strong>Juegos Ol\u00edmpicos<\/strong>, confirm\u00f3 hoy su clasificaci\u00f3n para los cuartos de final con un triunfo incontestable por 2-0 sobre el l\u00edder del grupo B, <strong>Nigeria<\/strong>, que se hab\u00eda acostumbrado a ganar a todos sus rivales.<\/p>\n<blockquote class=\"twitter-tweet\" data-lang=\"es\">\n<p dir=\"ltr\" lang=\"es\"><a href=\"https:\/\/twitter.com\/hashtag\/COLvsNIG?src=hash\">#COLvsNIG<\/a> \u00a1Estamos en 4tos de final! Gran juego en Sao Paulo. COL 2 &#8211; NIG 0. <a href=\"https:\/\/t.co\/5vgI37Fjdb\">pic.twitter.com\/5vgI37Fjdb<\/a><\/p>\n<p>\u2014 Selecci\u00f3n Colombia (@FCFSeleccionCol) <a href=\"https:\/\/twitter.com\/FCFSeleccionCol\/status\/763523295845158912\">10 de agosto de 2016<\/a><\/p><\/blockquote>\n<p><script src=\"\/\/platform.twitter.com\/widgets.js\" async=\"\" charset=\"utf-8\"><\/script><\/p>\n<p>Un gol de <strong>Teo Guti\u00e9rrez<\/strong> a los 4 minutos y uno de penalti ejecutado por <strong>Dorlan Pab\u00f3n<\/strong> a los 63 dieron forma a una redonda presentaci\u00f3n de los colombianos, que pudieron ampliar con el mismo Pab\u00f3n en el primer tiempo y Harold Preciado en el segundo.<\/p>\n<blockquote class=\"twitter-tweet\" data-lang=\"es\"><p>\nGol de Colombia! Te\u00f3filo Guti\u00e9rrez pone el primero para <a href=\"https:\/\/twitter.com\/hashtag\/COL?src=hash\">#COL<\/a>, AHORA por <a href=\"https:\/\/t.co\/Xe6EVGLOyL\">https:\/\/t.co\/Xe6EVGLOyL<\/a> <a href=\"https:\/\/twitter.com\/hashtag\/YoElijoColombia?src=hash\">#YoElijoColombia<\/a> <a href=\"https:\/\/t.co\/NP8S7z0hGj\">https:\/\/t.co\/NP8S7z0hGj<\/a><\/p>\n<p>\u2014 Claro Sports (@ClaroSports) <a href=\"https:\/\/twitter.com\/ClaroSports\/status\/763497597235453952\">10 de agosto de 2016<\/a>\n<\/p><\/blockquote>\n<p><script src=\"\/\/platform.twitter.com\/widgets.js\" async=\"\" charset=\"utf-8\"><\/script><\/p>\n<p><strong>Pab\u00f3n<\/strong>, exjugador del Valencia espa\u00f1ol y del Sao Paulo brasile\u00f1o, gest\u00f3 dos oportunidades en el primer periodo que por poco terminan en gol y Preciado, quien sufri\u00f3 la falta que termin\u00f3 en penalti, tuvo una clara al promediar el segundo pero su remate pas\u00f3 muy cerca del poste derecho de Daniel Akpeyi.<\/p>\n<blockquote class=\"twitter-tweet\" data-lang=\"es\">\n<p dir=\"ltr\" lang=\"es\">Gol de Colombia! Te\u00f3filo Guti\u00e9rrez pone el primero para <a href=\"https:\/\/twitter.com\/hashtag\/COL?src=hash\">#COL<\/a>, AHORA por <a href=\"https:\/\/t.co\/Xe6EVGLOyL\">https:\/\/t.co\/Xe6EVGLOyL<\/a> <a href=\"https:\/\/twitter.com\/hashtag\/YoElijoColombia?src=hash\">#YoElijoColombia<\/a> <a href=\"https:\/\/t.co\/NP8S7z0hGj\">https:\/\/t.co\/NP8S7z0hGj<\/a><\/p>\n<p>\u2014 Claro Sports (@ClaroSports) <a href=\"https:\/\/twitter.com\/ClaroSports\/status\/763497597235453952\">10 de agosto de 2016<\/a><\/p><\/blockquote>\n<p><script src=\"\/\/platform.twitter.com\/widgets.js\" async=\"\" charset=\"utf-8\"><\/script><\/p>\n<p>Para el segundo tiempo los pupilos de Carlos Restrepo retrasaron sus l\u00edneas para soportar la descomunal presi\u00f3n de las S\u00faper \u00c1guilas, que con el paso de los minutos y, al no ver con claridad la puerta de Cristian Bonilla fueron dejando fisuras que pudieron haber dado a los colombianos una ventaja mucho mayor.<\/p>\n<p style=\"text-align: center;\"><span style=\"color: #3366ff;\">LEER M\u00c1S:\u00a0<a style=\"color: #3366ff;\" href=\"http:\/\/www.futboltotal.com.mx\/2016\/08\/brasil-golea-avanza-en-los-juegos-olimpicos\/\">BRASIL GOLEA Y AVANZA EN LOS JUEGOS OL\u00cdMPICOS<\/a><\/span><\/p>\n<p>La mala noticia para los cafeteros es que al ver la segunda amarilla el mediocentro Kevin Balanta se perder\u00e1 el compromiso de cuartos, el 13 de agosto.<\/p>\n<p><strong>Nigeria<\/strong>, como l\u00edder del grupo B, con seis puntos de nueve posibles, se medir\u00e1 en cuartos de final contra el segundo del grupo A en la ciudad de Salvador, en tanto que <span class=\"classCadenaBusqueda\">Colombia<\/span>, que termin\u00f3 la fase en el segundo con cinco unidades, ser\u00e1 el adversario del l\u00edder de esa llave en Sao Paulo, donde ha jugado hoy.<\/p>\n<p><iframe loading=\"lazy\" src=\"https:\/\/www.youtube.com\/embed\/dKgdOph1bKE?feature=oembed\" frameborder=\"0\" allowfullscreen><\/iframe><\/p>\n","protected":false},"excerpt":{"rendered":"<p>Teofilo Guti\u00e9rrez y Dorlan Pab\u00f3n le dieron el triunfo a Colombia<\/p>\n","protected":false},"author":20,"featured_media":417186,"comment_status":"closed","ping_status":"closed","sticky":false,"template":"","format":"standard","meta":[],"categories":[3839,7186,7182,5951,1],"tags":[1911],"_links":{"self":[{"href":"http:\/\/desarrollo.grupomedios.com\/futbol\/wp-json\/wp\/v2\/posts\/417177"}],"collection":[{"href":"http:\/\/desarrollo.grupomedios.com\/futbol\/wp-json\/wp\/v2\/posts"}],"about":[{"href":"http:\/\/desarrollo.grupomedios.com\/futbol\/wp-json\/wp\/v2\/types\/post"}],"author":[{"embeddable":true,"href":"http:\/\/desarrollo.grupomedios.com\/futbol\/wp-json\/wp\/v2\/users\/20"}],"replies":[{"embeddable":true,"href":"http:\/\/desarrollo.grupomedios.com\/futbol\/wp-json\/wp\/v2\/comments?post=417177"}],"version-history":[{"count":0,"href":"http:\/\/desarrollo.grupomedios.com\/futbol\/wp-json\/wp\/v2\/posts\/417177\/revisions"}],"wp:featuredmedia":[{"embeddable":true,"href":"http:\/\/desarrollo.grupomedios.com\/futbol\/wp-json\/wp\/v2\/media\/417186"}],"wp:attachment":[{"href":"http:\/\/desarrollo.grupomedios.com\/futbol\/wp-json\/wp\/v2\/media?parent=417177"}],"wp:term":[{"taxonomy":"category","embeddable":true,"href":"http:\/\/desarrollo.grupomedios.com\/futbol\/wp-json\/wp\/v2\/categories?post=417177"},{"taxonomy":"post_tag","embeddable":true,"href":"http:\/\/desarrollo.grupomedios.com\/futbol\/wp-json\/wp\/v2\/tags?post=417177"}],"curies":[{"name":"wp","href":"https:\/\/api.w.org\/{rel}","templated":true}]}}