{"id":417205,"date":"2016-08-11T14:27:05","date_gmt":"2016-08-11T19:27:05","guid":{"rendered":"http:\/\/www.futboltotal.com.mx\/?p=417205"},"modified":"2025-12-17T12:07:19","modified_gmt":"2025-12-17T18:07:19","slug":"carlos-salcedo-se-disculpa-tras-fracaso-del-tri","status":"publish","type":"post","link":"http:\/\/desarrollo.grupomedios.com\/futbol\/futbol-mexicano\/carlos-salcedo-se-disculpa-tras-fracaso-del-tri\/2016\/08","title":{"rendered":"Carlos Salcedo se disculpa tras fracaso del Tri"},"content":{"rendered":"<p>El zaguero\u00a0del <a href=\"http:\/\/www.futboltotal.com.mx\/futbol-mexicano\/seleccion-mexicana\/\" target=\"_blank\" rel=\"noopener\"><strong>Tri Sub-23<\/strong><\/a>, <strong>Carlos Salcedo<\/strong>, ofreci\u00f3 disculpas tras la eliminaci\u00f3n de la selecci\u00f3n en fase de grupos de los <a href=\"http:\/\/www.futboltotal.com.mx\/juegos-olimpicos-2016\/\" target=\"_blank\" rel=\"noopener\"><strong>Juegos Ol\u00edmpicos<\/strong><\/a>, luego de caer 0-1 contra Corea del Sur.<\/p>\n<p>Por medio de una carta que public\u00f3 en <em>Twitter<\/em>, el <em>Tit\u00e1n<\/em> extern\u00f3 lo que siente luego que el combinado nacional que fue incapaz de defender la medalla de oro que consiguiera en Londres 2012.<\/p>\n<blockquote class=\"twitter-tweet\" data-lang=\"es\">\n<p dir=\"ltr\" lang=\"es\">Orgulloso de ser Mexicano,de este gran grupo de jugadores y grand\u00edsimo cuerpo t\u00e9cnico pero sobre todo seres humanos. <a href=\"https:\/\/t.co\/iLBv10zSsP\">pic.twitter.com\/iLBv10zSsP<\/a><\/p>\n<p>\u2014 Carlos Salcedo (@csalcedojr) <a href=\"https:\/\/twitter.com\/csalcedojr\/status\/763712413904605184\">11 de agosto de 2016<\/a><\/p><\/blockquote>\n<p><script src=\"\/\/platform.twitter.com\/widgets.js\" async=\"\" charset=\"utf-8\"><\/script><\/p>\n<p>\u201cPrimero que nada buenos d\u00edas. Quiero dar gracias a Dios por haberme permitido jugar unos JO y a todas las personas que son positivas y siempre apoyan a todo momento. Expresar que sigo con un dolor profundo en mi coraz\u00f3n y s\u00e9 que Dios y la vida futbol\u00edstica me dar\u00e1 una revancha el d\u00eda de ma\u00f1ana, tambi\u00e9n se aceptar y recibir cr\u00edticas m\u00e1s no insultos (porque somos seres humanos y no he conocido a nadie a mis 22 a\u00f1os que sea perfecto en cualquier trabajo que desempe\u00f1a) que sepan que siempre dar\u00e9 la cara a este tipo de ocasiones porque tambi\u00e9n el f\u00fatbol me ha dado grand\u00edsimos momentos y muy felices&#8221;, indica el texto.<\/p>\n<p>&#8220;S\u00e9 darle la justa medida a cada episodio de mi carrera y vida. Al final solo Dios sabe porque pas\u00f3 esto y que me esforzar\u00e9 a\u00fan m\u00e1s por conseguir mis metas&#8221;, a\u00f1adi\u00f3.<\/p>\n<p>&#8220;De ante mano gracias a todos los Mexican@s que siempre mandan sus buenas vibras. Es un episodio muy duro en mi carrera por qu\u00e9 amo a m\u00ed pa\u00eds y siempre quiero verlo en lo m\u00e1s alto del futbol mundial. Dios los bendiga y estoy orgulloso de mis compa\u00f1eros y cuerpo t\u00e9cnico. Ser\u00e1 una experiencia inolvidable el compartir tantos cap\u00edtulos con gente tan capacitada y con ese deseo de ser mejores. Viva M\u00e9xico\u201d, escribi\u00f3&#8221;, concluy\u00f3.<\/p>\n","protected":false},"excerpt":{"rendered":"<p>El defensa espera su revancha en el futuro <\/p>\n","protected":false},"author":20,"featured_media":520589,"comment_status":"closed","ping_status":"closed","sticky":false,"template":"","format":"standard","meta":[],"categories":[2198,3847],"tags":[2377],"_links":{"self":[{"href":"http:\/\/desarrollo.grupomedios.com\/futbol\/wp-json\/wp\/v2\/posts\/417205"}],"collection":[{"href":"http:\/\/desarrollo.grupomedios.com\/futbol\/wp-json\/wp\/v2\/posts"}],"about":[{"href":"http:\/\/desarrollo.grupomedios.com\/futbol\/wp-json\/wp\/v2\/types\/post"}],"author":[{"embeddable":true,"href":"http:\/\/desarrollo.grupomedios.com\/futbol\/wp-json\/wp\/v2\/users\/20"}],"replies":[{"embeddable":true,"href":"http:\/\/desarrollo.grupomedios.com\/futbol\/wp-json\/wp\/v2\/comments?post=417205"}],"version-history":[{"count":1,"href":"http:\/\/desarrollo.grupomedios.com\/futbol\/wp-json\/wp\/v2\/posts\/417205\/revisions"}],"predecessor-version":[{"id":520649,"href":"http:\/\/desarrollo.grupomedios.com\/futbol\/wp-json\/wp\/v2\/posts\/417205\/revisions\/520649"}],"wp:featuredmedia":[{"embeddable":true,"href":"http:\/\/desarrollo.grupomedios.com\/futbol\/wp-json\/wp\/v2\/media\/520589"}],"wp:attachment":[{"href":"http:\/\/desarrollo.grupomedios.com\/futbol\/wp-json\/wp\/v2\/media?parent=417205"}],"wp:term":[{"taxonomy":"category","embeddable":true,"href":"http:\/\/desarrollo.grupomedios.com\/futbol\/wp-json\/wp\/v2\/categories?post=417205"},{"taxonomy":"post_tag","embeddable":true,"href":"http:\/\/desarrollo.grupomedios.com\/futbol\/wp-json\/wp\/v2\/tags?post=417205"}],"curies":[{"name":"wp","href":"https:\/\/api.w.org\/{rel}","templated":true}]}}