{"id":417209,"date":"2016-08-11T15:13:25","date_gmt":"2016-08-11T20:13:25","guid":{"rendered":"http:\/\/www.futboltotal.com.mx\/?p=417209"},"modified":"2016-08-11T15:13:25","modified_gmt":"2016-08-11T20:13:25","slug":"olympiacos-y-pulido-estrenan-director-tecnico","status":"publish","type":"post","link":"http:\/\/desarrollo.grupomedios.com\/futbol\/futbol-internacional\/olympiacos-y-pulido-estrenan-director-tecnico\/2016\/08","title":{"rendered":"Olympiacos y Pulido estrenan director t\u00e9cnico"},"content":{"rendered":"<p>El director t\u00e9cnico portugu\u00e9s <strong>Paulo Bento<\/strong> se convirti\u00f3 en nuevo estratega del <strong>Olympiacos<\/strong>, tras el despido de V\u00edctor S\u00e1nchez y a una semana de los partidos eliminatorios para la <strong>Europa League<\/strong> ante el Arouca de Portugal.<\/p>\n<p>Para el timonel luso, el conjunto griego ser\u00e1 su tercer equipo profesional despu\u00e9s de dirigir al Sporting de Lisboa en su pa\u00eds natal y al Cruzerio en Brasil; adem\u00e1s de ser el seleccionador luso para la Copa del Mundo Brasil 2014.<\/p>\n<p style=\"text-align: center;\"><span style=\"color: #3366ff;\"><a style=\"color: #3366ff;\" href=\"http:\/\/www.futboltotal.com.mx\/futbol-internacional\/mexicanos-en-europa\/\"><strong>LEER M\u00c1S: Todas las noticia de mexicanos en Europa\u00a0<\/strong><\/a><\/span><\/p>\n<p>Los n\u00fameros del ex jugador de 47 a\u00f1os al frente de la escuadra brasile\u00f1a fueron de 17 partidos, con un balance de ocho derrotas, seis victorias y tres empates, por lo que dos meses despu\u00e9s de aceptar el cargo fue despedido.<\/p>\n<p>Dentro de su palmar\u00e9s como t\u00e9cnico se encuentran las Copas de Portugal en sus ediciones de 2006-2007 y 2007-2008, adem\u00e1s de las Supercopas de 2007 y 2008; todos los trofeos ganados fueron al mando del Sporting.<\/p>\n<p>Para el mexicano <strong>Alan Pulido<\/strong> ser\u00e1 su cuarto entrenador durante su estad\u00eda en el <strong>Olympiacos<\/strong> desde julio de 2015, fecha en la que se uni\u00f3 al club, luego del portugu\u00e9s V\u00edtor Pereira, el tambi\u00e9n luso Marco Silva y el espa\u00f1ol V\u00edctor S\u00e1nchez.<\/p>\n<p>Tras la suspensi\u00f3n provisional de la Super Liga griega debido a los cambios en la Federaci\u00f3n Griega de Futbol (EPO) en la composici\u00f3n de su comisi\u00f3n \u00e9tica sin cumplir con los debidos reglamentos, el debut de <strong>Bent<\/strong>o frente al Asteras Tripolis deber\u00e1 esperar hasta nuevo aviso.<\/p>\n","protected":false},"excerpt":{"rendered":"<p>El exseleccionador de Portugal dirigir\u00e1 al delantero mexicano en Grecia<\/p>\n","protected":false},"author":20,"featured_media":417229,"comment_status":"closed","ping_status":"closed","sticky":false,"template":"","format":"standard","meta":[],"categories":[3839,6718,5951],"tags":[1607,6091],"_links":{"self":[{"href":"http:\/\/desarrollo.grupomedios.com\/futbol\/wp-json\/wp\/v2\/posts\/417209"}],"collection":[{"href":"http:\/\/desarrollo.grupomedios.com\/futbol\/wp-json\/wp\/v2\/posts"}],"about":[{"href":"http:\/\/desarrollo.grupomedios.com\/futbol\/wp-json\/wp\/v2\/types\/post"}],"author":[{"embeddable":true,"href":"http:\/\/desarrollo.grupomedios.com\/futbol\/wp-json\/wp\/v2\/users\/20"}],"replies":[{"embeddable":true,"href":"http:\/\/desarrollo.grupomedios.com\/futbol\/wp-json\/wp\/v2\/comments?post=417209"}],"version-history":[{"count":0,"href":"http:\/\/desarrollo.grupomedios.com\/futbol\/wp-json\/wp\/v2\/posts\/417209\/revisions"}],"wp:featuredmedia":[{"embeddable":true,"href":"http:\/\/desarrollo.grupomedios.com\/futbol\/wp-json\/wp\/v2\/media\/417229"}],"wp:attachment":[{"href":"http:\/\/desarrollo.grupomedios.com\/futbol\/wp-json\/wp\/v2\/media?parent=417209"}],"wp:term":[{"taxonomy":"category","embeddable":true,"href":"http:\/\/desarrollo.grupomedios.com\/futbol\/wp-json\/wp\/v2\/categories?post=417209"},{"taxonomy":"post_tag","embeddable":true,"href":"http:\/\/desarrollo.grupomedios.com\/futbol\/wp-json\/wp\/v2\/tags?post=417209"}],"curies":[{"name":"wp","href":"https:\/\/api.w.org\/{rel}","templated":true}]}}