{"id":417212,"date":"2016-08-11T16:00:26","date_gmt":"2016-08-11T21:00:26","guid":{"rendered":"http:\/\/www.futboltotal.com.mx\/?p=417212"},"modified":"2016-08-11T21:36:28","modified_gmt":"2016-08-12T02:36:28","slug":"valencia-deja-escapar-la-medalla-de-bronce","status":"publish","type":"post","link":"http:\/\/desarrollo.grupomedios.com\/futbol\/destacado-home\/valencia-deja-escapar-la-medalla-de-bronce\/2016\/08","title":{"rendered":"Valencia pierde medalla de bronce en R\u00edo 2016"},"content":{"rendered":"<p>La mexicana <strong>Alejandra Valencia<\/strong>\u00a0se qued\u00f3 a la orilla de conseguir la primera medalla para <strong>M\u00e9xico<\/strong> en los <strong>Juegos Ol\u00edmpicos de R\u00edo 2016.<\/strong> La arquera perdi\u00f3 en la prueba individual ante la coreana <strong>Ki Bo-bae<\/strong>, quien consigui\u00f3 la presea de bronce tras haber completado un cuarto set implacable con tres tiros perfectos que sentenciaron la pizarra 6-4.<\/p>\n<blockquote class=\"twitter-tweet\" data-lang=\"es\">\n<p dir=\"ltr\" lang=\"es\"><a href=\"https:\/\/twitter.com\/hashtag\/Rio2016?src=hash\">#Rio2016<\/a> <a href=\"https:\/\/twitter.com\/micozito\">@micozito<\/a> Alejandra Valencia se qued\u00f3 a un paso del PODIO en <a href=\"https:\/\/twitter.com\/hashtag\/TiroConArco?src=hash\">#TiroConArco<\/a> <a href=\"https:\/\/t.co\/LCBKp5yu34\">https:\/\/t.co\/LCBKp5yu34<\/a> <a href=\"https:\/\/t.co\/T3ILzQa5Oc\">https:\/\/t.co\/T3ILzQa5Oc<\/a><\/p>\n<p>\u2014 Claro Sports (@ClaroSports) <a href=\"https:\/\/twitter.com\/ClaroSports\/status\/763822401054322688\">11 de agosto de 2016<\/a><\/p><\/blockquote>\n<p><script src=\"\/\/platform.twitter.com\/widgets.js\" async=\"\" charset=\"utf-8\"><\/script><\/p>\n<p><a href=\"http:\/\/www.futboltotal.com.mx\/juegos-olimpicos-2016\/\"><span style=\"color: #3366ff;\"><strong>LEER M\u00c1S: Todas las noticias de Juegos Ol\u00edmpicos<\/strong><\/span><\/a><\/p>\n<p>La surcoreana, vencedora del oro en la competici\u00f3n individual en Londres 2012, necesit\u00f3 de cinco sets para imponerse a la mexicana en un muy parejo duelo debido a que ambas terminaron empatadas hasta la cuarta manga.<\/p>\n<blockquote class=\"twitter-tweet\" data-lang=\"es\"><p>\n<a href=\"https:\/\/twitter.com\/hashtag\/TiroConArco?src=hash\">#TiroConArco<\/a> Primeras palabras de Alejandra Valencia <a href=\"https:\/\/twitter.com\/micozito\">@micozito<\/a> tras quedar 4ta en <a href=\"https:\/\/twitter.com\/hashtag\/Rio2016?src=hash\">#Rio2016<\/a> <a href=\"https:\/\/t.co\/LCBKp5yu34\">https:\/\/t.co\/LCBKp5yu34<\/a> <a href=\"https:\/\/t.co\/gLhrPQYIXb\">https:\/\/t.co\/gLhrPQYIXb<\/a><\/p>\n<p>\u2014 Claro Sports (@ClaroSports) <a href=\"https:\/\/twitter.com\/ClaroSports\/status\/763823102207811584\">11 de agosto de 2016<\/a>\n<\/p><\/blockquote>\n<p><script src=\"\/\/platform.twitter.com\/widgets.js\" async=\"\" charset=\"utf-8\"><\/script><br \/>\n<strong>Ki Bo-bae<\/strong> se impuso por 26-25 en el primer set pero la mexicana empat\u00f3 en el segundo con 28-29. La asi\u00e1tica volvi\u00f3 a colocarse adelante con 26-25 en el tercero pero Valencia respondi\u00f3 contundentemente con un 21-27 en el cuarto. La surcoreana, sin embargo, fue perfecta en el \u00faltimo set, en el que no fall\u00f3 ninguno de sus treinta tiros, con lo que se impuso por 30-25 y garantiz\u00f3 el bronce.<\/p>\n<p><strong>Ki Bo-bae<\/strong>, de 28 a\u00f1os, ya se hab\u00eda colgado el domingo el oro en R\u00edo 2016 en la prueba por equipos junto con Choi Misun y Chang Hye-jin, que hoy complet\u00f3 con el bronce en el concurso individual.<\/p>\n","protected":false},"excerpt":{"rendered":"<p>La mexicana cay\u00f3 eliminada por parciales 6-4 ante la coreana Ki Bo-bae<\/p>\n","protected":false},"author":20,"featured_media":417216,"comment_status":"closed","ping_status":"closed","sticky":false,"template":"","format":"standard","meta":[],"categories":[7269,7183,5,7182],"tags":[7321,1911],"_links":{"self":[{"href":"http:\/\/desarrollo.grupomedios.com\/futbol\/wp-json\/wp\/v2\/posts\/417212"}],"collection":[{"href":"http:\/\/desarrollo.grupomedios.com\/futbol\/wp-json\/wp\/v2\/posts"}],"about":[{"href":"http:\/\/desarrollo.grupomedios.com\/futbol\/wp-json\/wp\/v2\/types\/post"}],"author":[{"embeddable":true,"href":"http:\/\/desarrollo.grupomedios.com\/futbol\/wp-json\/wp\/v2\/users\/20"}],"replies":[{"embeddable":true,"href":"http:\/\/desarrollo.grupomedios.com\/futbol\/wp-json\/wp\/v2\/comments?post=417212"}],"version-history":[{"count":0,"href":"http:\/\/desarrollo.grupomedios.com\/futbol\/wp-json\/wp\/v2\/posts\/417212\/revisions"}],"wp:featuredmedia":[{"embeddable":true,"href":"http:\/\/desarrollo.grupomedios.com\/futbol\/wp-json\/wp\/v2\/media\/417216"}],"wp:attachment":[{"href":"http:\/\/desarrollo.grupomedios.com\/futbol\/wp-json\/wp\/v2\/media?parent=417212"}],"wp:term":[{"taxonomy":"category","embeddable":true,"href":"http:\/\/desarrollo.grupomedios.com\/futbol\/wp-json\/wp\/v2\/categories?post=417212"},{"taxonomy":"post_tag","embeddable":true,"href":"http:\/\/desarrollo.grupomedios.com\/futbol\/wp-json\/wp\/v2\/tags?post=417212"}],"curies":[{"name":"wp","href":"https:\/\/api.w.org\/{rel}","templated":true}]}}