{"id":417300,"date":"2016-08-12T10:32:30","date_gmt":"2016-08-12T15:32:30","guid":{"rendered":"https:\/\/www.futboltotal.com.mx\/?p=417300"},"modified":"2016-08-12T10:40:12","modified_gmt":"2016-08-12T15:40:12","slug":"se-termino-sueno-medalla-remo-mexicano","status":"publish","type":"post","link":"http:\/\/desarrollo.grupomedios.com\/futbol\/destacado-home\/se-termino-sueno-medalla-remo-mexicano\/2016\/08","title":{"rendered":"Se termin\u00f3 el sue\u00f1o de medalla para el remo mexicano"},"content":{"rendered":"<p>Una de las esperanzas que ten\u00eda M\u00e9xico en los <strong>Juegos Ol\u00edmpicos<\/strong>, se ha terminado. Este d\u00eda, la remera <strong>Kenia Lechuga<\/strong> qued\u00f3 en la sexta posici\u00f3n de la Semifinal de remos cortos femeninos de <strong>R\u00edo 2016<\/strong>.<\/p>\n<p>A pesar de que ella hab\u00eda comentado que su objetivo era estar entre las 12 mejores y lo cumpli\u00f3, la remera mexicana fue superada en el estadio de Lagoa, donde cronometr\u00f3\u00a08:14.76 minutos en los dos kil\u00f3metros de recorrido.<\/p>\n<blockquote class=\"twitter-tweet\" data-lang=\"es\">\n<p dir=\"ltr\" lang=\"es\">Mexicana <a href=\"https:\/\/twitter.com\/kenialechuga\">@kenialechuga<\/a> concluye sexto lugar de su semifinal y disputar\u00e1 la final B del remo ol\u00edmpico <a href=\"https:\/\/twitter.com\/rio2016_es\">@rio2016_es<\/a> <a href=\"https:\/\/t.co\/FHQ1ax0Qop\">pic.twitter.com\/FHQ1ax0Qop<\/a><\/p>\n<p>\u2014 Comit\u00e9 Ol\u00edmpico MEX (@COM_Mexico) <a href=\"https:\/\/twitter.com\/COM_Mexico\/status\/764092812711202816\">12 de agosto de 2016<\/a><\/p><\/blockquote>\n<p><script src=\"\/\/platform.twitter.com\/widgets.js\" async=\"\" charset=\"utf-8\"><\/script><\/p>\n<p><span style=\"color: #3366ff;\"><a style=\"color: #3366ff;\" href=\"https:\/\/www.futboltotal.com.mx\/2016\/08\/jimenez-se-perfila-titular-en-la-liga-benfica\/\">Leer M\u00e1s: Ra\u00fal Jim\u00e9nez se perfila como titular en Benfica\u00a0<\/a><\/span><\/p>\n<p>Las clasificadas a la final fueron la australiana Kimberley Brennan (7:47.88 minutos), la neozelandesa Emma Twigg (7:48.20) y la suiza Jeannine Gmelin (7:49.83)<\/p>\n<p><strong>Lechuga<\/strong> competir\u00e1 una vez m\u00e1s en estos<strong> Juegos Ol\u00edmpicos<\/strong> el pr\u00f3ximo s\u00e1bado, cuando compita por el s\u00e9ptimo y octavo lugar en la Laguna Rodrigo de Freitas. M\u00e1s tarde seis atletas participar\u00e1n por las medallas de remo en R\u00edo 2016.<\/p>\n<p>Por su parte, el mexicano Juan Carlos Cabrera tambi\u00e9n termin\u00f3 con la posibilidad de obtener una medalla, pues qued\u00f3 en cuarto lugar de la Semifinal y tambi\u00e9n competir\u00e1 por la Final B, donde busca quedar entre los primeros 10 de los <strong>Juegos Ol\u00edmpicos<\/strong>.<\/p>\n<blockquote class=\"twitter-tweet\" data-lang=\"es\"><p>\nMexicano <a href=\"https:\/\/twitter.com\/71JuanCarlos\">@71JuanCarlos<\/a> termina cuarto lugar en semifinales y se clasifica a la final B del remo ol\u00edmpico <a href=\"https:\/\/twitter.com\/rio2016_es\">@rio2016_es<\/a> <a href=\"https:\/\/t.co\/ezo9WkNulI\">pic.twitter.com\/ezo9WkNulI<\/a><\/p>\n<p>\u2014 Comit\u00e9 Ol\u00edmpico MEX (@COM_Mexico) <a href=\"https:\/\/twitter.com\/COM_Mexico\/status\/764093195860926464\">12 de agosto de 2016<\/a>\n<\/p><\/blockquote>\n<p><script src=\"\/\/platform.twitter.com\/widgets.js\" async=\"\" charset=\"utf-8\"><\/script><\/p>\n","protected":false},"excerpt":{"rendered":"<p>Kenia Lechuga qued\u00f3 eliminada de la competencia en R\u00edo<\/p>\n","protected":false},"author":20,"featured_media":417301,"comment_status":"closed","ping_status":"closed","sticky":false,"template":"","format":"standard","meta":[],"categories":[7269,5,7182,7188],"tags":[],"_links":{"self":[{"href":"http:\/\/desarrollo.grupomedios.com\/futbol\/wp-json\/wp\/v2\/posts\/417300"}],"collection":[{"href":"http:\/\/desarrollo.grupomedios.com\/futbol\/wp-json\/wp\/v2\/posts"}],"about":[{"href":"http:\/\/desarrollo.grupomedios.com\/futbol\/wp-json\/wp\/v2\/types\/post"}],"author":[{"embeddable":true,"href":"http:\/\/desarrollo.grupomedios.com\/futbol\/wp-json\/wp\/v2\/users\/20"}],"replies":[{"embeddable":true,"href":"http:\/\/desarrollo.grupomedios.com\/futbol\/wp-json\/wp\/v2\/comments?post=417300"}],"version-history":[{"count":0,"href":"http:\/\/desarrollo.grupomedios.com\/futbol\/wp-json\/wp\/v2\/posts\/417300\/revisions"}],"wp:featuredmedia":[{"embeddable":true,"href":"http:\/\/desarrollo.grupomedios.com\/futbol\/wp-json\/wp\/v2\/media\/417301"}],"wp:attachment":[{"href":"http:\/\/desarrollo.grupomedios.com\/futbol\/wp-json\/wp\/v2\/media?parent=417300"}],"wp:term":[{"taxonomy":"category","embeddable":true,"href":"http:\/\/desarrollo.grupomedios.com\/futbol\/wp-json\/wp\/v2\/categories?post=417300"},{"taxonomy":"post_tag","embeddable":true,"href":"http:\/\/desarrollo.grupomedios.com\/futbol\/wp-json\/wp\/v2\/tags?post=417300"}],"curies":[{"name":"wp","href":"https:\/\/api.w.org\/{rel}","templated":true}]}}