{"id":417326,"date":"2016-08-12T15:04:37","date_gmt":"2016-08-12T20:04:37","guid":{"rendered":"https:\/\/www.futboltotal.com.mx\/?p=417326"},"modified":"2016-08-12T15:04:37","modified_gmt":"2016-08-12T20:04:37","slug":"tito-villa-destapo-al-culpable-salida-cruz-azul","status":"publish","type":"post","link":"http:\/\/desarrollo.grupomedios.com\/futbol\/destacado-home\/tito-villa-destapo-al-culpable-salida-cruz-azul\/2016\/08","title":{"rendered":"Tito Villa destap\u00f3 al culpable por su salida de Cruz Azul"},"content":{"rendered":"<p>Previo al partido en el que Quer\u00e9taro enfrentar\u00e1 a <strong>Cruz Azul<\/strong> en la jornada 5 de la Liga MX, el delantero <strong>Emanuel Villa<\/strong>, confes\u00f3 las razones por las que sali\u00f3 de <em>la M\u00e1quina<\/em> luego de los buenos resultados que hab\u00eda tenido.<\/p>\n<blockquote class=\"twitter-tweet\" data-lang=\"es\">\n<p dir=\"ltr\" lang=\"es\">|<a href=\"https:\/\/twitter.com\/TitoVilla1982\">@TitoVilla1982<\/a> quiere aumentar su cuota goleadora. Checa todos sus goles con\u00a0<a href=\"https:\/\/twitter.com\/hashtag\/Gallos?src=hash\">#Gallos<\/a> <a href=\"https:\/\/t.co\/ES2unddu9T\">https:\/\/t.co\/ES2unddu9T<\/a><\/p>\n<p>\u2014 Gallos de Quer\u00e9taro (@Club_Queretaro) <a href=\"https:\/\/twitter.com\/Club_Queretaro\/status\/763837448027713537\">11 de agosto de 2016<\/a><\/p><\/blockquote>\n<p><script src=\"\/\/platform.twitter.com\/widgets.js\" async=\"\" charset=\"utf-8\"><\/script><\/p>\n<blockquote><p>\u201cT\u00fa dices: \u2018M\u00ednimo val\u00f3rame un poquito\u2019; despu\u00e9s de que han pasado mil\u00a0\u00a0y no a todos les ha ido medianamente bien, pues una vez que pasa gente como\u00a0Chuy Corona, como el <em>Chaco<\/em>, como era mi caso en su momento, pues t\u00fa dices: \u2018m\u00ednimamente val\u00f3rame cabr\u00f3n. Me estoy partiendo la madre por tu\u00a0equipo\u00a0y parece que la gente que viene de paso o no hace las\u00a0\u00a0bien, parecen ser m\u00e1s valorados que los que se rompen la madre en lacancha\u2019. Eso fue lo que, en su momento, me doli\u00f3 mucho\u201d, confes\u00f3.<\/p><\/blockquote>\n<p>A pesar de que el delantero ha tenido un gran paso por los <em>Gallos Blancos<\/em>, <em>Tito<\/em> considera que el Presidente de <strong>Cruz Azul<\/strong> tuvo que ser m\u00e1s honesto cuando quer\u00eda su salida.<\/p>\n<blockquote><p>\u201cLe reprocho que hubiera sido m\u00e1s derecho, me hubiera dicho: \u2018sabes qu\u00e9, ya cumpliste un ciclo aqu\u00ed, mejor vete\u2019. Que no me ande con vueltas, que no me hubiera hecho lo que me hizo\u201d.<\/p><\/blockquote>\n<p style=\"text-align: center;\"><a href=\"https:\/\/www.futboltotal.com.mx\/2016\/08\/jimenez-se-perfila-titular-en-la-liga-benfica\/\" target=\"_blank\">Leer m\u00e1s: Ra\u00fal Jim\u00e9nez se perfila como titular con el Benfica<\/a><\/p>\n<p>Uno de los argumentos que present\u00f3 la directiva de <strong>Cruz Azul<\/strong> fue que el argentino ten\u00eda m\u00e1s de 30 a\u00f1os, aunque se contradijo por los jugadores que renovaron y que despu\u00e9s contrataron.<\/p>\n<blockquote><p>\u201cYo llegu\u00e9 junto con <em>Chuy<\/em>\u00a0Corona, llegamos juntos a <em>La M\u00e1quina<\/em>. Se nos venci\u00f3 el contrato igual, y yo cuando hablo despu\u00e9s con \u00e9l me dice: \u2018yo acabo de renovar tres a\u00f1os\u2019. Entonces yo digo: \u2018ah, chinga, t\u00fa eres un a\u00f1o m\u00e1s grande que yo, \u00bfc\u00f3mo puede ser que a ti te firmen el tiempo que t\u00fa te mereces y a m\u00ed no?\u2019. Adem\u00e1s, acababa de llegar\u00a0Omar Bravo, hab\u00eda firmado tres a\u00f1os tambi\u00e9n y era uno o dos a\u00f1os m\u00e1s grande que yo. Entonces dices: \u2018a ver: me eres sincero o no me eres sincero\u2019. Si no quieres que me quede, yo me voy no molesto\u201d, cuenta <strong>Villa<\/strong>.<\/p><\/blockquote>\n<p><iframe loading=\"lazy\" src=\"https:\/\/www.youtube.com\/embed\/dbYQa_iM9i4?feature=oembed\" frameborder=\"0\" allowfullscreen><\/iframe><\/p>\n<p>En entrevista para el Diario <em>R\u00e9cord<\/em>, el <em>Tito<\/em> confes\u00f3 c\u00f3mo fue su llegada a Pumas, club al que cuenta lo obligaron a ir.<\/p>\n<blockquote><p>\u201cSon cosas muy extra\u00f1as, como lo que pas\u00f3 en el\u00a0Draft, hab\u00edan much\u00edsimos equipos que ten\u00edan la intenci\u00f3n de contratarme. Me dicen: \u2018Es\u00a0Pumas\u2019. Yo les dije que me doler\u00eda irme aPumas, no por ellos, sino porque me hab\u00eda identificado con\u00a0<strong>Cruz Azul<\/strong>.\u00a0Yo le digo a\u00a0Billy,Pumas\u00a0me parece un reto dif\u00edcil; dame chance de irme a otro lugar. Me dijo que no. Le dije que me estaban llamando de otros\u00a0equipos, que\u00a0Tigres\u00a0era uno de ellos y me dicen que t\u00fa no quieres ni negociar con ellos. Cuando ya hablan con mi representante le dijeron que eraPumas\u00a0o que en\u00a0M\u00e9xico\u00a0no iba a\u00a0jugar. Yo dije: \u2018qu\u00e9 a toda madre\u2019, encima que no me valoras, quieres decidir mi futuro\u201d, finaliz\u00f3.<\/p><\/blockquote>\n<p><img decoding=\"async\" loading=\"lazy\" class=\"alignnone size-full wp-image-417327\" src=\"https:\/\/www.futboltotal.com.mx\/wp-content\/uploads\/2016\/08\/emanuel-villa-pumas.jpg\" alt=\"emanuel-villa-pumas\" srcset=\"http:\/\/desarrollo.grupomedios.com\/futbol\/wp-content\/uploads\/2016\/08\/emanuel-villa-pumas.jpg 858w, http:\/\/desarrollo.grupomedios.com\/futbol\/wp-content\/uploads\/2016\/08\/emanuel-villa-pumas-300x151.jpg 300w, http:\/\/desarrollo.grupomedios.com\/futbol\/wp-content\/uploads\/2016\/08\/emanuel-villa-pumas-768x386.jpg 768w, http:\/\/desarrollo.grupomedios.com\/futbol\/wp-content\/uploads\/2016\/08\/emanuel-villa-pumas-340x171.jpg 340w\" sizes=\"(max-width: 858px) 100vw, 858px\" \/><\/p>\n","protected":false},"excerpt":{"rendered":"<p>Villa confes\u00f3 el motivo de su salida de La M\u00e1quina<\/p>\n","protected":false},"author":20,"featured_media":417329,"comment_status":"closed","ping_status":"closed","sticky":false,"template":"","format":"standard","meta":[],"categories":[5,2198,3845],"tags":[64],"_links":{"self":[{"href":"http:\/\/desarrollo.grupomedios.com\/futbol\/wp-json\/wp\/v2\/posts\/417326"}],"collection":[{"href":"http:\/\/desarrollo.grupomedios.com\/futbol\/wp-json\/wp\/v2\/posts"}],"about":[{"href":"http:\/\/desarrollo.grupomedios.com\/futbol\/wp-json\/wp\/v2\/types\/post"}],"author":[{"embeddable":true,"href":"http:\/\/desarrollo.grupomedios.com\/futbol\/wp-json\/wp\/v2\/users\/20"}],"replies":[{"embeddable":true,"href":"http:\/\/desarrollo.grupomedios.com\/futbol\/wp-json\/wp\/v2\/comments?post=417326"}],"version-history":[{"count":0,"href":"http:\/\/desarrollo.grupomedios.com\/futbol\/wp-json\/wp\/v2\/posts\/417326\/revisions"}],"wp:featuredmedia":[{"embeddable":true,"href":"http:\/\/desarrollo.grupomedios.com\/futbol\/wp-json\/wp\/v2\/media\/417329"}],"wp:attachment":[{"href":"http:\/\/desarrollo.grupomedios.com\/futbol\/wp-json\/wp\/v2\/media?parent=417326"}],"wp:term":[{"taxonomy":"category","embeddable":true,"href":"http:\/\/desarrollo.grupomedios.com\/futbol\/wp-json\/wp\/v2\/categories?post=417326"},{"taxonomy":"post_tag","embeddable":true,"href":"http:\/\/desarrollo.grupomedios.com\/futbol\/wp-json\/wp\/v2\/tags?post=417326"}],"curies":[{"name":"wp","href":"https:\/\/api.w.org\/{rel}","templated":true}]}}