{"id":417533,"date":"2016-08-13T11:00:09","date_gmt":"2016-08-13T16:00:09","guid":{"rendered":"https:\/\/www.futboltotal.com.mx\/?p=417533"},"modified":"2016-08-13T14:03:55","modified_gmt":"2016-08-13T19:03:55","slug":"usain-bolt-atletismo-juegos-olimpicos","status":"publish","type":"post","link":"http:\/\/desarrollo.grupomedios.com\/futbol\/destacado-home\/usain-bolt-atletismo-juegos-olimpicos\/2016\/08","title":{"rendered":"Usain Bolt no defrauda en su debut y enamora a R\u00edo"},"content":{"rendered":"<p>El estadio Ol\u00edmpico de R\u00edo luci\u00f3 este s\u00e1bado su mejor entrada para contemplar la primera escaramuza del gran \u00eddolo del atletismo mundial, el jamaicano <strong>Usain <span class=\"classCadenaBusqueda\">Bolt<\/span><\/strong>, que recibi\u00f3 las aclamaciones del p\u00fablico en su paso fugaz (10.07 segundos) por la pista azul en las series de 100 metros.<\/p>\n<p>Parti\u00f3 por el sexto carril en la s\u00e9ptima serie, la pen\u00faltima, se mes\u00f3 la cara cuando su imagen apareci\u00f3 en pantalla entre el clamor popular, reclam\u00f3 silencio a la grada, se santigu\u00f3 dos veces en los tacos de salida, se trastabill\u00f3 en los primeros pasos y s\u00f3lo tard\u00f3 unos metros en ponerse en cabeza para vencer en 10.07.<\/p>\n<blockquote class=\"twitter-tweet\" data-lang=\"es\">\n<p dir=\"ltr\" lang=\"es\">\u00a1Todos de pie! <a href=\"https:\/\/twitter.com\/usainbolt\">@usainbolt<\/a> a punto de competir en <a href=\"https:\/\/twitter.com\/hashtag\/Rio2016?src=hash\">#Rio2016<\/a>. Aqu\u00ed el link <a href=\"https:\/\/t.co\/IV0AyKk8Ud\">https:\/\/t.co\/IV0AyKk8Ud<\/a> <a href=\"https:\/\/twitter.com\/hashtag\/YoElijoClaroSports?src=hash\">#YoElijoClaroSports<\/a> <a href=\"https:\/\/t.co\/tvvYHYBNko\">https:\/\/t.co\/tvvYHYBNko<\/a><\/p>\n<p>\u2014 Claro Sports (@ClaroSports) <a href=\"https:\/\/twitter.com\/ClaroSports\/status\/764482889241157632\">13 de agosto de 2016<\/a><\/p><\/blockquote>\n<p><script src=\"\/\/platform.twitter.com\/widgets.js\" async=\"\" charset=\"utf-8\"><\/script><\/p>\n<p>Encajado en el barrio de Engenho de Dentro, un \u00e1rea poblada de casas humildes construidas apresuradamente y cuya pobreza se refleja en los desconchones de paredes y techos, el estadio Ol\u00edmpico registr\u00f3 en la ma\u00f1ana del s\u00e1bado mejor entrada que en la sesi\u00f3n nocturna del viernes.<\/p>\n<p><strong><span style=\"color: #3366ff;\"><a style=\"color: #3366ff;\" href=\"https:\/\/www.futboltotal.com.mx\/2016\/08\/resultados-portugal-0-4-alemania-juegos-olimpicos\/\" target=\"_blank\">Leer m\u00e1s: Alemania humilla a Portugal y est\u00e1 en Semifinales<\/a><\/span><\/strong><\/p>\n<p>\u00bfLa causa? <strong>Usain <span class=\"classCadenaBusqueda\">Bolt<\/span><\/strong>, que es capaz, con su mera presencia en las series, de atraer a un p\u00fablico expectante, pendiente de cualquiera de sus gestos, \u00e1vido de asistir personalmente a gestas que permanecer\u00e1n para siempre en los anales del deporte.<\/p>\n<p>En la primera de sus presumibles siete intervenciones (tres en 100, otras tres en 200 y en la final de 4&#215;100), <strong><span class=\"classCadenaBusqueda\">Bolt<\/span><\/strong> ha sentado las bases del espect\u00e1culo que llegar\u00e1 a su culmen este domingo en la final del hect\u00f3metro.<\/p>\n<p><strong><span style=\"color: #3366ff;\"><a style=\"color: #3366ff;\" href=\"https:\/\/www.futboltotal.com.mx\/2016\/08\/atletas-brasilenos-acusados-tener-sexo-en-la-villa-olimpica\/\" target=\"_blank\">Leer m\u00e1s: Atletas brasile\u00f1os acusados de tener sexo en la Villa Ol\u00edmpica<\/a><\/span><\/strong><\/p>\n<p><strong><span class=\"classCadenaBusqueda\">Bolt<\/span><\/strong> vivi\u00f3 una tranquila entrada en acci\u00f3n, en la s\u00e9ptima y pen\u00faltima serie. Tuvo tiempo, por tanto, de contemplar, mirando de reojo el monitor de televisi\u00f3n en la c\u00e1mara de llamadas, las evoluciones de casi todos sus rivales.<\/p>\n<blockquote class=\"twitter-tweet\" data-lang=\"es\"><p>\n\u00a1De otro planeta! <a href=\"https:\/\/twitter.com\/usainbolt\">@usainbolt<\/a> gana su heat en 100 m planos. Ma\u00f1ana m\u00e1s actividad del jamaiquino por Claro Sports <a href=\"https:\/\/t.co\/sO5OyTXG7c\">https:\/\/t.co\/sO5OyTXG7c<\/a><\/p>\n<p>\u2014 Claro Sports (@ClaroSports) <a href=\"https:\/\/twitter.com\/ClaroSports\/status\/764488314812444672\">13 de agosto de 2016<\/a>\n<\/p><\/blockquote>\n<p><script src=\"\/\/platform.twitter.com\/widgets.js\" async=\"\" charset=\"utf-8\"><\/script><\/p>\n<p>Paseando lentamente por el reducto donde coinciden todos los contendientes antes de salir a pista, <strong><span class=\"classCadenaBusqueda\">Bolt<\/span> <\/strong>miraba a un lado y a otro, y sus adversarios -se pudo ver en el v\u00eddeo- bajaban la vista, tal vez involuntariamente, cuando el &#8220;macho Alfa&#8221; les enfilaba.<\/p>\n<p>El estadounidense Justin Gatlin, subcampe\u00f3n en Londres 2012 y autor de los dos mejores cronos de este a\u00f1o (9.80 y 9.83), gan\u00f3 la segunda carrera con un tiempo inexpresivo para su rango (10.01), y su joven compatriota Trayvon Bromell, segundo de la lista mundial con 9.84, fue segundo en la quinta con 10.13.<\/p>\n<blockquote class=\"twitter-tweet\" data-lang=\"es\">\n<p dir=\"ltr\" lang=\"es\">\u00a1Cu\u00eddate, <a href=\"https:\/\/twitter.com\/usainbolt\">@usainbolt<\/a>! Justin Gatlin impone condiciones. Aqu\u00ed el link <a href=\"https:\/\/t.co\/IV0AyKk8Ud\">https:\/\/t.co\/IV0AyKk8Ud<\/a> <a href=\"https:\/\/twitter.com\/hashtag\/YoElijoClaroSports?src=hash\">#YoElijoClaroSports<\/a> <a href=\"https:\/\/t.co\/0SuyoHFOba\">https:\/\/t.co\/0SuyoHFOba<\/a><\/p>\n<p>\u2014 Claro Sports (@ClaroSports) <a href=\"https:\/\/twitter.com\/ClaroSports\/status\/764479115567128576\">13 de agosto de 2016<\/a><\/p><\/blockquote>\n<p><script src=\"\/\/platform.twitter.com\/widgets.js\" async=\"\" charset=\"utf-8\"><\/script><\/p>\n<p>Johan Blake, el jamaicano que hered\u00f3 en Daegu 2011 el t\u00edtulo mundial tras la descalificaci\u00f3n de <strong><span class=\"classCadenaBusqueda\">Bolt<\/span><\/strong> por salida falsa, domin\u00f3 la sexta serie con 10.11, y fue entonces cuando irrumpi\u00f3 en la pista el rey del esprint, aclamado como en un circo.<\/p>\n<p style=\"text-align: center;\"><strong><a href=\"https:\/\/www.futboltotal.com.mx\/2016\/08\/comienza-la-renovada-premier-league\/\" target=\"_blank\"><span style=\"color: #3366ff;\">Leer m\u00e1s: \u00a1Arranc\u00f3 la renovada Premier League!<\/span><\/a><\/strong><\/p>\n<p>El \u00fanico susto fue para el franc\u00e9s Jimmy Vicaut, tercero del r\u00e1nking con 9.86, que hizo una p\u00e9sima salida en la cuarta serie y termin\u00f3 cuarto con 10.19. Hubo de esperar a que terminara la ronda para saber si continuaba o se marchaba a casa. Se clasific\u00f3 por una sola cent\u00e9sima para las semifinales.<\/p>\n<p>Este domingo, a las 21.00, los grandes pesos del esprint corto regresar\u00e1n a la pista para dirimir ocho plazas de finalista. Hora y media despu\u00e9s estallar\u00e1 la gran batalla ol\u00edmpica por la corona de 100 metros. EFE<\/p>\n","protected":false},"excerpt":{"rendered":"<p>Usain Bolt estar\u00e1 en la final el pr\u00f3ximo domingo<\/p>\n","protected":false},"author":20,"featured_media":417534,"comment_status":"closed","ping_status":"closed","sticky":false,"template":"","format":"standard","meta":[],"categories":[7187,5,7182,7188],"tags":[1911],"_links":{"self":[{"href":"http:\/\/desarrollo.grupomedios.com\/futbol\/wp-json\/wp\/v2\/posts\/417533"}],"collection":[{"href":"http:\/\/desarrollo.grupomedios.com\/futbol\/wp-json\/wp\/v2\/posts"}],"about":[{"href":"http:\/\/desarrollo.grupomedios.com\/futbol\/wp-json\/wp\/v2\/types\/post"}],"author":[{"embeddable":true,"href":"http:\/\/desarrollo.grupomedios.com\/futbol\/wp-json\/wp\/v2\/users\/20"}],"replies":[{"embeddable":true,"href":"http:\/\/desarrollo.grupomedios.com\/futbol\/wp-json\/wp\/v2\/comments?post=417533"}],"version-history":[{"count":0,"href":"http:\/\/desarrollo.grupomedios.com\/futbol\/wp-json\/wp\/v2\/posts\/417533\/revisions"}],"wp:featuredmedia":[{"embeddable":true,"href":"http:\/\/desarrollo.grupomedios.com\/futbol\/wp-json\/wp\/v2\/media\/417534"}],"wp:attachment":[{"href":"http:\/\/desarrollo.grupomedios.com\/futbol\/wp-json\/wp\/v2\/media?parent=417533"}],"wp:term":[{"taxonomy":"category","embeddable":true,"href":"http:\/\/desarrollo.grupomedios.com\/futbol\/wp-json\/wp\/v2\/categories?post=417533"},{"taxonomy":"post_tag","embeddable":true,"href":"http:\/\/desarrollo.grupomedios.com\/futbol\/wp-json\/wp\/v2\/tags?post=417533"}],"curies":[{"name":"wp","href":"https:\/\/api.w.org\/{rel}","templated":true}]}}