{"id":417548,"date":"2016-08-13T15:13:04","date_gmt":"2016-08-13T20:13:04","guid":{"rendered":"https:\/\/www.futboltotal.com.mx\/?p=417548"},"modified":"2016-08-13T15:13:04","modified_gmt":"2016-08-13T20:13:04","slug":"america-homenajeo-a-cuauhtemoc-blanco","status":"publish","type":"post","link":"http:\/\/desarrollo.grupomedios.com\/futbol\/videos\/america-homenajeo-a-cuauhtemoc-blanco\/2016\/08","title":{"rendered":"Am\u00e9rica homenaje\u00f3 a Cuauht\u00e9moc Blanco"},"content":{"rendered":"<p>Con motivo de las celebraciones de su Centenario, el <strong>Am\u00e9rica<\/strong> present\u00f3 un video en el que se le rinde homenaje a uno de los jugadores hist\u00f3ricos del club: <strong>Cuauht\u00e9moc Blanco<\/strong>.<\/p>\n<p>Este nuevo video forma parte de las c\u00e1psulas llamadas <em>100 a\u00f1os de grandeza,\u00a0<\/em>por lo que las\u00a0<em>\u00c1guilas\u00a0<\/em>decidieron dedicar una al\u00a0<em><strong>Cuau<\/strong>.<\/em><\/p>\n<p style=\"text-align: center;\"><span style=\"color: #3366ff;\"><strong><a style=\"color: #3366ff;\" href=\"https:\/\/www.futboltotal.com.mx\/2016\/08\/chicharito-hernandez-anota-leverkusen-contra-real-sociedad-carlos-vela\/\" target=\"_blank\">Leer m\u00e1s: Chicharito anota y Bayer vence a la Real Sociedad de Carlos Vela<\/a><\/strong><\/span><\/p>\n<blockquote class=\"twitter-tweet\" data-lang=\"es\">\n<p dir=\"ltr\" lang=\"es\">Con ustedes el noveno episodio de <a href=\"https:\/\/twitter.com\/hashtag\/100A%C3%B1osDeGrandeza?src=hash\">#100A\u00f1osDeGrandeza<\/a> &#8220;Nuestra sangre es Azulcrema y el coraz\u00f3n Blanco&#8221;<a href=\"https:\/\/t.co\/SHK1Vq0C2m\">https:\/\/t.co\/SHK1Vq0C2m<\/a><\/p>\n<p>\u2014 Club Am\u00e9rica (@ClubAmerica) <a href=\"https:\/\/twitter.com\/ClubAmerica\/status\/764144766271356929\">12 de agosto de 2016<\/a><\/p><\/blockquote>\n<p><script src=\"\/\/platform.twitter.com\/widgets.js\" async=\"\" charset=\"utf-8\"><\/script><\/p>\n","protected":false},"excerpt":{"rendered":"<p>Las \u00e1guilas homenajearon a uno de los grandes \u00eddolos de coapa<\/p>\n","protected":false},"author":20,"featured_media":417549,"comment_status":"closed","ping_status":"closed","sticky":false,"template":"","format":"standard","meta":[],"categories":[2198,3845,4],"tags":[64],"_links":{"self":[{"href":"http:\/\/desarrollo.grupomedios.com\/futbol\/wp-json\/wp\/v2\/posts\/417548"}],"collection":[{"href":"http:\/\/desarrollo.grupomedios.com\/futbol\/wp-json\/wp\/v2\/posts"}],"about":[{"href":"http:\/\/desarrollo.grupomedios.com\/futbol\/wp-json\/wp\/v2\/types\/post"}],"author":[{"embeddable":true,"href":"http:\/\/desarrollo.grupomedios.com\/futbol\/wp-json\/wp\/v2\/users\/20"}],"replies":[{"embeddable":true,"href":"http:\/\/desarrollo.grupomedios.com\/futbol\/wp-json\/wp\/v2\/comments?post=417548"}],"version-history":[{"count":0,"href":"http:\/\/desarrollo.grupomedios.com\/futbol\/wp-json\/wp\/v2\/posts\/417548\/revisions"}],"wp:featuredmedia":[{"embeddable":true,"href":"http:\/\/desarrollo.grupomedios.com\/futbol\/wp-json\/wp\/v2\/media\/417549"}],"wp:attachment":[{"href":"http:\/\/desarrollo.grupomedios.com\/futbol\/wp-json\/wp\/v2\/media?parent=417548"}],"wp:term":[{"taxonomy":"category","embeddable":true,"href":"http:\/\/desarrollo.grupomedios.com\/futbol\/wp-json\/wp\/v2\/categories?post=417548"},{"taxonomy":"post_tag","embeddable":true,"href":"http:\/\/desarrollo.grupomedios.com\/futbol\/wp-json\/wp\/v2\/tags?post=417548"}],"curies":[{"name":"wp","href":"https:\/\/api.w.org\/{rel}","templated":true}]}}