{"id":417554,"date":"2016-08-13T11:40:23","date_gmt":"2016-08-13T16:40:23","guid":{"rendered":"https:\/\/www.futboltotal.com.mx\/?p=417554"},"modified":"2016-08-13T21:48:00","modified_gmt":"2016-08-14T02:48:00","slug":"michael-phelps-se-dice-listo-retirarse","status":"publish","type":"post","link":"http:\/\/desarrollo.grupomedios.com\/futbol\/juegos-olimpicos-2016\/michael-phelps-se-dice-listo-retirarse\/2016\/08","title":{"rendered":"Michael Phelps se dice listo para retirarse"},"content":{"rendered":"<p>A pesar de que ya consigui\u00f3 cuatro medallas de oro y una de plata en esta edici\u00f3n de <strong>Juegos Ol\u00edmpicos<\/strong>, el estadounidense <strong>Michael Phelps<\/strong> coment\u00f3 que cumplir\u00e1 su palabra y se retirar\u00e1 despu\u00e9s de las competencias de R\u00edo 2016.<\/p>\n<p><img decoding=\"async\" loading=\"lazy\" class=\"alignnone size-full wp-image-417556\" src=\"https:\/\/www.futboltotal.com.mx\/wp-content\/uploads\/2016\/08\/phelps-rio.jpg\" alt=\"phelps-rio\" srcset=\"http:\/\/desarrollo.grupomedios.com\/futbol\/wp-content\/uploads\/2016\/08\/phelps-rio.jpg 858w, http:\/\/desarrollo.grupomedios.com\/futbol\/wp-content\/uploads\/2016\/08\/phelps-rio-300x151.jpg 300w, http:\/\/desarrollo.grupomedios.com\/futbol\/wp-content\/uploads\/2016\/08\/phelps-rio-768x386.jpg 768w, http:\/\/desarrollo.grupomedios.com\/futbol\/wp-content\/uploads\/2016\/08\/phelps-rio-340x171.jpg 340w\" sizes=\"(max-width: 858px) 100vw, 858px\" \/><\/p>\n<blockquote><p>&#8220;Promet\u00ed en Londres que no volver\u00eda. Pero esta vez es final. Esto es lo que ha sido&#8221;, dijo <strong>Phelps<\/strong>, despu\u00e9s de haber disputado su \u00faltima prueba en la final de los 100 metros mariposa.<\/p><\/blockquote>\n<p style=\"text-align: center;\"><span style=\"color: #3366ff;\"><strong><a style=\"color: #3366ff;\" href=\"https:\/\/www.futboltotal.com.mx\/2016\/08\/resultados-portugal-0-4-alemania-juegos-olimpicos\/\" target=\"_blank\">Leer m\u00e1s: Alemania humill\u00f3 a Portugal y pas\u00f3 a Semifinales<\/a><\/strong><\/span><\/p>\n<p>Hace cuatro a\u00f1os, en la edici\u00f3n de Londres 2012, <strong>Phelps<\/strong> anunci\u00f3 que terminaba su carrera y un par de a\u00f1os despu\u00e9s regres\u00f3, aunque parece que esta vez si ser\u00e1 la definitiva.<\/p>\n<blockquote><p>&#8220;Estoy listo para retirarme. Estoy mejor preparado mentalmente que hace cuatro a\u00f1os. Estoy listo para pasar m\u00e1s tiempo con Boomer (su hijo de tres meses) y Nicole (su prometida)&#8221; declar\u00f3 <strong>Phelps<\/strong>.<\/p><\/blockquote>\n<p>La noche del pasado viernes, <strong>Michael Phelps<\/strong> se tuvo que conformar con la medalla de plata, que curiosamente comparti\u00f3 con el sudafricano Chad Le Clos y el h\u00fangaro Laszlo Cseh, pues los tres terminaron a 75 cent\u00e9simas del singapurense Joseph Schooling, de 21 a\u00f1os, quien gan\u00f3 la prueba.<\/p>\n<blockquote class=\"twitter-tweet\" data-lang=\"es\">\n<p dir=\"ltr\" lang=\"und\">El fan que venci\u00f3 a Michael Phelps en <a href=\"https:\/\/twitter.com\/hashtag\/Rio2016?src=hash\">#Rio2016<\/a> <a href=\"https:\/\/twitter.com\/hashtag\/Natacion?src=hash\">#Natacion<\/a><a href=\"https:\/\/twitter.com\/hashtag\/YoElijoClaroSports?src=hash\">#YoElijoClaroSports<\/a> <a href=\"https:\/\/t.co\/dVre2UYceL\">https:\/\/t.co\/dVre2UYceL<\/a> <a href=\"https:\/\/t.co\/2oAPeMY9BI\">pic.twitter.com\/2oAPeMY9BI<\/a><\/p>\n<p>\u2014 Claro Sports (@ClaroSports) <a href=\"https:\/\/twitter.com\/ClaroSports\/status\/764313609417523200\">13 de agosto de 2016<\/a><\/p><\/blockquote>\n<p><script src=\"\/\/platform.twitter.com\/widgets.js\" async=\"\" charset=\"utf-8\"><\/script><\/p>\n<p>&#8220;Para ser mi \u00faltima carrera fue muy especial. He podido hacer todo lo que he querido en el deporte. Con 24 a\u00f1os en el deporte, estoy feliz por c\u00f3mo han terminado las cosas. Por eso es que he vuelto despu\u00e9s del 2012&#8221;, finaliz\u00f3.<\/p>\n","protected":false},"excerpt":{"rendered":"<p>Phelps terminar\u00e1 su carrera con 27 medallas<\/p>\n","protected":false},"author":20,"featured_media":417555,"comment_status":"closed","ping_status":"closed","sticky":false,"template":"","format":"standard","meta":[],"categories":[7185,7182,7188],"tags":[1911],"_links":{"self":[{"href":"http:\/\/desarrollo.grupomedios.com\/futbol\/wp-json\/wp\/v2\/posts\/417554"}],"collection":[{"href":"http:\/\/desarrollo.grupomedios.com\/futbol\/wp-json\/wp\/v2\/posts"}],"about":[{"href":"http:\/\/desarrollo.grupomedios.com\/futbol\/wp-json\/wp\/v2\/types\/post"}],"author":[{"embeddable":true,"href":"http:\/\/desarrollo.grupomedios.com\/futbol\/wp-json\/wp\/v2\/users\/20"}],"replies":[{"embeddable":true,"href":"http:\/\/desarrollo.grupomedios.com\/futbol\/wp-json\/wp\/v2\/comments?post=417554"}],"version-history":[{"count":0,"href":"http:\/\/desarrollo.grupomedios.com\/futbol\/wp-json\/wp\/v2\/posts\/417554\/revisions"}],"wp:featuredmedia":[{"embeddable":true,"href":"http:\/\/desarrollo.grupomedios.com\/futbol\/wp-json\/wp\/v2\/media\/417555"}],"wp:attachment":[{"href":"http:\/\/desarrollo.grupomedios.com\/futbol\/wp-json\/wp\/v2\/media?parent=417554"}],"wp:term":[{"taxonomy":"category","embeddable":true,"href":"http:\/\/desarrollo.grupomedios.com\/futbol\/wp-json\/wp\/v2\/categories?post=417554"},{"taxonomy":"post_tag","embeddable":true,"href":"http:\/\/desarrollo.grupomedios.com\/futbol\/wp-json\/wp\/v2\/tags?post=417554"}],"curies":[{"name":"wp","href":"https:\/\/api.w.org\/{rel}","templated":true}]}}