{"id":417735,"date":"2016-08-13T22:26:57","date_gmt":"2016-08-14T03:26:57","guid":{"rendered":"https:\/\/www.futboltotal.com.mx\/?p=417735"},"modified":"2016-08-13T22:26:57","modified_gmt":"2016-08-14T03:26:57","slug":"neymar-da-vida-a-brasil-en-los-juegos-olimpicos","status":"publish","type":"post","link":"http:\/\/desarrollo.grupomedios.com\/futbol\/juegos-olimpicos-2016\/neymar-da-vida-a-brasil-en-los-juegos-olimpicos\/2016\/08","title":{"rendered":"Neymar da vida a Brasil en los Juegos Ol\u00edmpicos"},"content":{"rendered":"<p><strong>Brasil<\/strong> poco trabajo tuvo en el \u00faltimo partido de la programaci\u00f3n de cuartos de final para vencer en Sao Paulo por 2-0 a <strong>Colombia<\/strong>. <strong>Neymar<\/strong> anot\u00f3 de tiro libre su primer gol en el torneo, y Luan, con un exquisito remate al borde del \u00e1rea, complet\u00f3 la buena exhibici\u00f3n de la <em>Canarinha<\/em>.<\/p>\n<blockquote class=\"twitter-tweet\" data-lang=\"es\">\n<p dir=\"ltr\" lang=\"es\"><a href=\"https:\/\/twitter.com\/hashtag\/Clavados?src=hash\">#Clavados<\/a> Dolores Hern\u00e1ndez qued\u00f3 en el puesto 16 en trampol\u00edn 3 metros femenino. <a href=\"https:\/\/twitter.com\/hashtag\/JuegosOl%C3%ADmpicos?src=hash\">#JuegosOl\u00edmpicos<\/a> <a href=\"https:\/\/twitter.com\/hashtag\/Rio2016?src=hash\">#Rio2016<\/a> <a href=\"https:\/\/t.co\/Cj3TQlZOOr\">pic.twitter.com\/Cj3TQlZOOr<\/a><\/p>\n<p>\u2014 Los Juegos Ol\u00edmpicos (@juegosolimpicos) <a href=\"https:\/\/twitter.com\/juegosolimpicos\/status\/764662045384015872\">14 de agosto de 2016<\/a><\/p><\/blockquote>\n<p><script src=\"\/\/platform.twitter.com\/widgets.js\" async=\"\" charset=\"utf-8\"><\/script>Honduras, contra todos los pron\u00f3sticos, ha superado sus l\u00edmites al meterse entre las cuatro mejores selecciones de los Juegos Ol\u00edmpicos de R\u00edo de Janeiro junto con Brasil, Nigeria y Alemania.<\/p>\n<p>La otra semifinal, que tendr\u00e1 como escenario el estadio Itaquerao, de Sao Paulo, pondr\u00e1 frente a frente el mismo d\u00eda 17 a Nigeria y Alemania.<\/p>\n<p>John Obi Mikel y Aminu Umar enviaron a Dinamarca de vuelta a casa y empujaron a Nigeria a las semifinales con un triunfo s\u00f3lido por 2-0.<\/p>\n<p>Obi Mikel, mediocentro del Chelsea y capit\u00e1n de las S\u00faper \u00c1guilas, marc\u00f3 a los 16 minutos del partido jugado en el estadio Fonte Nova de la ciudad de Salvador, y Umar, extremo del Osmanlispor turco, puso la guinda con un cabezazo a los 59.<\/p>\n<p>Horas antes, pero en el estadio Man\u00e9 Garrincha de Brasilia, la selecci\u00f3n de Alemania aplast\u00f3 a la de Portugal con goles de Serge Gnabry (m.45), Matthias Ginter (m.61), Davie Selke (m.75) y Philipp Max (m.87).<\/p>\n<p>&nbsp;<\/p>\n<p>Con la clasificaci\u00f3n a las semifinales, <strong>Brasil<\/strong> ve m\u00e1s cerca la posibilidad de conquistar por primera vez una medalla de oro ol\u00edmpica y Alemania instalarse por primera vez en el podio, un sue\u00f1o que ya no ven tan distante ni osado los hondure\u00f1os.<\/p>\n<p>Nigeria ha consolidado en los Juegos de R\u00edo de Janeiro el objetivo de colgarse nuevamente el oro, como lo hicieron hace veinte a\u00f1os, en la edici\u00f3n de Atlanta&#8217;96.<\/p>\n","protected":false},"excerpt":{"rendered":"<p>El Scratch venci\u00f3 2-0 a Colombia y avanz\u00f3 a Semifinales<\/p>\n","protected":false},"author":144,"featured_media":417738,"comment_status":"closed","ping_status":"closed","sticky":false,"template":"","format":"standard","meta":[],"categories":[7186,7182,7188],"tags":[6009,1911,5664],"_links":{"self":[{"href":"http:\/\/desarrollo.grupomedios.com\/futbol\/wp-json\/wp\/v2\/posts\/417735"}],"collection":[{"href":"http:\/\/desarrollo.grupomedios.com\/futbol\/wp-json\/wp\/v2\/posts"}],"about":[{"href":"http:\/\/desarrollo.grupomedios.com\/futbol\/wp-json\/wp\/v2\/types\/post"}],"author":[{"embeddable":true,"href":"http:\/\/desarrollo.grupomedios.com\/futbol\/wp-json\/wp\/v2\/users\/144"}],"replies":[{"embeddable":true,"href":"http:\/\/desarrollo.grupomedios.com\/futbol\/wp-json\/wp\/v2\/comments?post=417735"}],"version-history":[{"count":0,"href":"http:\/\/desarrollo.grupomedios.com\/futbol\/wp-json\/wp\/v2\/posts\/417735\/revisions"}],"wp:featuredmedia":[{"embeddable":true,"href":"http:\/\/desarrollo.grupomedios.com\/futbol\/wp-json\/wp\/v2\/media\/417738"}],"wp:attachment":[{"href":"http:\/\/desarrollo.grupomedios.com\/futbol\/wp-json\/wp\/v2\/media?parent=417735"}],"wp:term":[{"taxonomy":"category","embeddable":true,"href":"http:\/\/desarrollo.grupomedios.com\/futbol\/wp-json\/wp\/v2\/categories?post=417735"},{"taxonomy":"post_tag","embeddable":true,"href":"http:\/\/desarrollo.grupomedios.com\/futbol\/wp-json\/wp\/v2\/tags?post=417735"}],"curies":[{"name":"wp","href":"https:\/\/api.w.org\/{rel}","templated":true}]}}