{"id":418027,"date":"2016-08-15T10:31:02","date_gmt":"2016-08-15T15:31:02","guid":{"rendered":"https:\/\/www.futboltotal.com.mx\/?p=418027"},"modified":"2016-08-15T10:35:52","modified_gmt":"2016-08-15T15:35:52","slug":"villarreal-pierde-a-jona-dos-santos","status":"publish","type":"post","link":"http:\/\/desarrollo.grupomedios.com\/futbol\/futbol-internacional\/villarreal-pierde-a-jona-dos-santos\/2016\/08","title":{"rendered":"Villarreal pierde a Jona dos Santos"},"content":{"rendered":"<p>El mediocampista mexicano <strong>Jonathan dos Santos<\/strong>, quien milita en el club de futbol <strong>Villarreal<\/strong>, estar\u00e1 fuera de actividad durante tres semanas, luego de sufrir una lesi\u00f3n en el recto anterior de la pierna izquierda, raz\u00f3n por la que se quedar\u00e1 sin disputar la fase previa de la Champions League.<\/p>\n<p>A trav\u00e9s de un comunicado el <em>Submarino Amarillo<\/em>\u00a0anunci\u00f3 las molestias que aquejan al centrocampista <em>tricolor,<\/em> las cuales lo alejar\u00e1n de la serie eliminatoria ante el franc\u00e9s M\u00f3naco, as\u00ed como de los dos primeros partidos en la Primera Divisi\u00f3n de Espa\u00f1a ante Granada, done milita su connacional Guillermo Ochoa, as\u00ed como ante Sevilla.<\/p>\n<p style=\"text-align: center;\"><span style=\"color: #3366ff;\"><a style=\"color: #3366ff;\" href=\"https:\/\/www.futboltotal.com.mx\/futbol-internacional\/mexicanos-en-europa\/\"><strong>LEER M\u00c1S: Todas las noticias de mexicanos en Europa<\/strong><\/a><\/span><\/p>\n<p>De esta forma <strong>Jona dos<\/strong>\u00a0<strong>Santos<\/strong> podr\u00eda volver a ser tomado en cuenta por el entrenador Fran Escrib\u00e1 hasta la fecha tres del torneo casero, en la cual enfrentar\u00e1n al M\u00e1laga. Si el proceso de recuperaci\u00f3n se alarga, entonces tendr\u00eda minutos hasta la cuarta fecha del certamen cuando reciben en elMadrigal a la Real Sociedad, el pr\u00f3ximo 18 de septiembre.<\/p>\n<p>De cara a su tercera temporada vistiendo la casaca <em>Groguet<\/em>, el mediocampista de 26 a\u00f1os ha marcado dos goles en tres mil 394 minutos disputados, dentro de los cuales ha celebrado 37 apariciones como titular de su equipo.<\/p>\n","protected":false},"excerpt":{"rendered":"<p>El mexicano se lesiona y se perder\u00e1 play-offs de Champions y el inicio de liga <\/p>\n","protected":false},"author":20,"featured_media":418028,"comment_status":"closed","ping_status":"closed","sticky":false,"template":"","format":"standard","meta":[],"categories":[3839,3844,5951],"tags":[48,4545,2607],"_links":{"self":[{"href":"http:\/\/desarrollo.grupomedios.com\/futbol\/wp-json\/wp\/v2\/posts\/418027"}],"collection":[{"href":"http:\/\/desarrollo.grupomedios.com\/futbol\/wp-json\/wp\/v2\/posts"}],"about":[{"href":"http:\/\/desarrollo.grupomedios.com\/futbol\/wp-json\/wp\/v2\/types\/post"}],"author":[{"embeddable":true,"href":"http:\/\/desarrollo.grupomedios.com\/futbol\/wp-json\/wp\/v2\/users\/20"}],"replies":[{"embeddable":true,"href":"http:\/\/desarrollo.grupomedios.com\/futbol\/wp-json\/wp\/v2\/comments?post=418027"}],"version-history":[{"count":0,"href":"http:\/\/desarrollo.grupomedios.com\/futbol\/wp-json\/wp\/v2\/posts\/418027\/revisions"}],"wp:featuredmedia":[{"embeddable":true,"href":"http:\/\/desarrollo.grupomedios.com\/futbol\/wp-json\/wp\/v2\/media\/418028"}],"wp:attachment":[{"href":"http:\/\/desarrollo.grupomedios.com\/futbol\/wp-json\/wp\/v2\/media?parent=418027"}],"wp:term":[{"taxonomy":"category","embeddable":true,"href":"http:\/\/desarrollo.grupomedios.com\/futbol\/wp-json\/wp\/v2\/categories?post=418027"},{"taxonomy":"post_tag","embeddable":true,"href":"http:\/\/desarrollo.grupomedios.com\/futbol\/wp-json\/wp\/v2\/tags?post=418027"}],"curies":[{"name":"wp","href":"https:\/\/api.w.org\/{rel}","templated":true}]}}