{"id":418045,"date":"2016-08-15T18:31:10","date_gmt":"2016-08-15T23:31:10","guid":{"rendered":"https:\/\/www.futboltotal.com.mx\/?p=418045"},"modified":"2016-08-16T08:00:10","modified_gmt":"2016-08-16T13:00:10","slug":"11-ideal-la-jornada-5-apertura-2016","status":"publish","type":"post","link":"http:\/\/desarrollo.grupomedios.com\/futbol\/futbol-mexicano\/11-ideal-la-jornada-5-apertura-2016\/2016\/08","title":{"rendered":"El 11 ideal de la jornada 5 | Apertura 2016"},"content":{"rendered":"<p>En la <strong>Jornada 5<\/strong>, s\u00f3lo uno de los cuatro equipos m\u00e1s populares de la Liga MX, logr\u00f3 obtener la victoria: <a href=\"http:\/\/www.futboltotal.com.mx\/equipos\/guadalajara\/\" target=\"_blank\"><strong>Chivas<\/strong><\/a>. Adem\u00e1s un joven delantero sorprendi\u00f3 a todos, ya que marc\u00f3 un doblete; nos referimos a Jos\u00e9 Calero, hijo del <em>C\u00f3ndor<\/em>, y que lidera este <strong>11 ideal.<\/strong><\/p>\n<p style=\"text-align: center;\"><span style=\"color: #3366ff;\"><a style=\"color: #3366ff;\" href=\"https:\/\/www.futboltotal.com.mx\/2016\/08\/cruz-azul-ya-tiene-problemas-porcentuales\/\" target=\"_blank\"><strong>LEER M\u00c1S: La M\u00e1quina ya tiene problemas porcentuales<\/strong><\/a><\/span><\/p>\n<p><a href=\"https:\/\/www.futboltotal.com.mx\/wp-content\/uploads\/2016\/08\/11idealap16-jornada-5.jpg\"><img decoding=\"async\" loading=\"lazy\" class=\"alignnone size-full wp-image-418046\" src=\"https:\/\/www.futboltotal.com.mx\/wp-content\/uploads\/2016\/08\/11idealap16-jornada-5.jpg\" alt=\"11idealap16-jornada-5\" srcset=\"http:\/\/desarrollo.grupomedios.com\/futbol\/wp-content\/uploads\/2016\/08\/11idealap16-jornada-5.jpg 858w, http:\/\/desarrollo.grupomedios.com\/futbol\/wp-content\/uploads\/2016\/08\/11idealap16-jornada-5-215x300.jpg 215w, http:\/\/desarrollo.grupomedios.com\/futbol\/wp-content\/uploads\/2016\/08\/11idealap16-jornada-5-768x1071.jpg 768w, http:\/\/desarrollo.grupomedios.com\/futbol\/wp-content\/uploads\/2016\/08\/11idealap16-jornada-5-735x1024.jpg 735w\" sizes=\"(max-width: 858px) 100vw, 858px\" \/><\/a><\/p>\n<p><strong>Felipe Rodr\u00edguez | Morelia<\/strong> | El cancerbero evit\u00f3 que Am\u00e9rica se llevara la victoria en casa, aunque su colega, Mois\u00e9s Mu\u00f1oz tambi\u00e9n tuvo una actuaci\u00f3n destacada.<\/p>\n<p><strong>Jos\u00e9 Mar\u00eda Basanta | Monterrey<\/strong> | Ante Necaxa fue una aut\u00e9ntica barrera que nulific\u00f3 el ataque hidroc\u00e1lido.<\/p>\n<p><strong>Paulo da Silva |<a href=\"http:\/\/www.futboltotal.com.mx\/equipos\/toluca\/\" target=\"_blank\"> Toluca<\/a><\/strong> | Detener a Gignac y a la temible ofensiva felina es complicado, pero la experiencia del Guaran\u00ed, hicieron que esa misi\u00f3n pareciera sencilla.<\/p>\n<p><strong>George Corral | <a href=\"http:\/\/www.futboltotal.com.mx\/equipos\/queretaro\/\" target=\"_blank\">Quer\u00e9taro<\/a><\/strong> | Ya hab\u00eda tardado en volver a destacar, pero ante <em>La M\u00e1quina<\/em>, el hermano de Charlyn se luci\u00f3.<\/p>\n<p><strong>Luis Reyes | <a href=\"http:\/\/www.futboltotal.com.mx\/atlas\/\" target=\"_blank\">Atlas<\/a><\/strong> | La zaga que lidera Rafa M\u00e1rquez toma confianza, y este joven rojinegro es prueba de ello.<\/p>\n<p><strong>Michael P\u00e9rez | Chivas<\/strong> | Fue uno de los mejores futbolistas del <em>TRI<\/em> Ol\u00edmpico, y al volver, supo suplir a Salcido cuando se le necesit\u00f3.<\/p>\n<p><strong>Yimmi Char\u00e1 | <a href=\"http:\/\/www.futboltotal.com.mx\/equipos\/monterrey\/\" target=\"_blank\">Monterrey<\/a><\/strong> | El jugador de <em>Rayados<\/em> hizo pedazos a la zaga del Necaxa, sobre todo a Francisco Meza.<\/p>\n<p><strong>Jorge Z\u00e1rate | <a href=\"http:\/\/www.futboltotal.com.mx\/equipos\/morelia\/\" target=\"_blank\">Morelia<\/a><\/strong> | Le dio a su equipo el gol con el que sacaron un punto de la capital del pa\u00eds.<\/p>\n<p><strong>Dayro Moreno | <a href=\"http:\/\/www.futboltotal.com.mx\/equipos\/tijuana\/\" target=\"_blank\">Xolos<\/a><\/strong> | El colombiano sigue liderando a un cuadro fronterizo que hasta el momento se defiende bien de sus problemas porcentuales.<\/p>\n<p><strong>Juan Calero | <a href=\"http:\/\/www.futboltotal.com.mx\/equipos\/pachuca\/\" target=\"_blank\">Pachuca<\/a><\/strong> | Desde hace tiempo que se le ven cualidades, pero ahora demostr\u00f3 que quiere ser un jugador destacado.<\/p>\n<p><strong>Darwin Quintero | <a href=\"http:\/\/www.futboltotal.com.mx\/equipos\/america\/\" target=\"_blank\">Am\u00e9rica<\/a><\/strong> | Cuando las <em>\u00c1guilas<\/em> son m\u00e1s peligrosas en el ataque, se debe a que este delantero se encuentra inspirado, como lo hizo frente al Morelia.<\/p>\n","protected":false},"excerpt":{"rendered":"<p>El hijo de Calero sobresale entre los mejores hombres de la quinta fecha<\/p>\n","protected":false},"author":20,"featured_media":418066,"comment_status":"closed","ping_status":"closed","sticky":false,"template":"","format":"standard","meta":[],"categories":[2198,3845,5950],"tags":[5623,6927],"_links":{"self":[{"href":"http:\/\/desarrollo.grupomedios.com\/futbol\/wp-json\/wp\/v2\/posts\/418045"}],"collection":[{"href":"http:\/\/desarrollo.grupomedios.com\/futbol\/wp-json\/wp\/v2\/posts"}],"about":[{"href":"http:\/\/desarrollo.grupomedios.com\/futbol\/wp-json\/wp\/v2\/types\/post"}],"author":[{"embeddable":true,"href":"http:\/\/desarrollo.grupomedios.com\/futbol\/wp-json\/wp\/v2\/users\/20"}],"replies":[{"embeddable":true,"href":"http:\/\/desarrollo.grupomedios.com\/futbol\/wp-json\/wp\/v2\/comments?post=418045"}],"version-history":[{"count":0,"href":"http:\/\/desarrollo.grupomedios.com\/futbol\/wp-json\/wp\/v2\/posts\/418045\/revisions"}],"wp:featuredmedia":[{"embeddable":true,"href":"http:\/\/desarrollo.grupomedios.com\/futbol\/wp-json\/wp\/v2\/media\/418066"}],"wp:attachment":[{"href":"http:\/\/desarrollo.grupomedios.com\/futbol\/wp-json\/wp\/v2\/media?parent=418045"}],"wp:term":[{"taxonomy":"category","embeddable":true,"href":"http:\/\/desarrollo.grupomedios.com\/futbol\/wp-json\/wp\/v2\/categories?post=418045"},{"taxonomy":"post_tag","embeddable":true,"href":"http:\/\/desarrollo.grupomedios.com\/futbol\/wp-json\/wp\/v2\/tags?post=418045"}],"curies":[{"name":"wp","href":"https:\/\/api.w.org\/{rel}","templated":true}]}}