{"id":418060,"date":"2016-08-15T18:40:29","date_gmt":"2016-08-15T23:40:29","guid":{"rendered":"https:\/\/www.futboltotal.com.mx\/?p=418060"},"modified":"2016-08-16T08:00:01","modified_gmt":"2016-08-16T13:00:01","slug":"los-mejores-goles-la-jornada-5","status":"publish","type":"post","link":"http:\/\/desarrollo.grupomedios.com\/futbol\/videos\/los-mejores-goles-la-jornada-5\/2016\/08","title":{"rendered":"Los mejores goles de la Jornada 5 | Apertura 2016"},"content":{"rendered":"<p>El intenso fin de semana futbolero en la Liga MX dej\u00f3 grandes desilusiones en los partidos, sobre todo por Am\u00e9rica, Pumas y Cruz Azul,\u00a0tres de los cuatro equipos grandes; el \u00fanico que hizo gol fue el cuadro <em>azulcrema<\/em> en un deslucido empate 1-1 ante Morelia. Sin embargo el que equipo que dio de qu\u00e9 hablar fue Chivas, que en el \u00faltimo partido de este domingo consigui\u00f3 su segunda victoria del torneo con uno de <strong>los mejores goles de la jornada 5<\/strong>.<\/p>\n<p>En\u00a0<em>Futbol Total<\/em>\u00a0te presentamos una recopilaci\u00f3n de cada uno de ellos. \u00a1No te los pierdas y disfr\u00fatalos!<\/p>\n<p style=\"text-align: center;\"><span style=\"color: #3366ff;\"><strong><a style=\"color: #3366ff;\" href=\"https:\/\/www.futboltotal.com.mx\/2016\/08\/11-ideal-la-jornada-5-apertura-2016\/\">LEER M\u00c1S: El 11 ideal de la Jornada 5<\/a><\/strong><\/span><\/p>\n<p>[video_player]https:\/\/player.vimeo.com\/external\/178928469.hd.mp4?s=4f2a4df8c5c3ce16ff127c23f26b3fe4fc01dcf3&amp;profile_id=174[\/video_player]<\/p>\n","protected":false},"excerpt":{"rendered":"<p>Calero, Hurtado, Puch, Alustiza y Zald\u00edvar fueron los protagonistas<\/p>\n","protected":false},"author":20,"featured_media":418067,"comment_status":"closed","ping_status":"closed","sticky":false,"template":"","format":"standard","meta":[],"categories":[2198,3845,4],"tags":[64],"_links":{"self":[{"href":"http:\/\/desarrollo.grupomedios.com\/futbol\/wp-json\/wp\/v2\/posts\/418060"}],"collection":[{"href":"http:\/\/desarrollo.grupomedios.com\/futbol\/wp-json\/wp\/v2\/posts"}],"about":[{"href":"http:\/\/desarrollo.grupomedios.com\/futbol\/wp-json\/wp\/v2\/types\/post"}],"author":[{"embeddable":true,"href":"http:\/\/desarrollo.grupomedios.com\/futbol\/wp-json\/wp\/v2\/users\/20"}],"replies":[{"embeddable":true,"href":"http:\/\/desarrollo.grupomedios.com\/futbol\/wp-json\/wp\/v2\/comments?post=418060"}],"version-history":[{"count":0,"href":"http:\/\/desarrollo.grupomedios.com\/futbol\/wp-json\/wp\/v2\/posts\/418060\/revisions"}],"wp:featuredmedia":[{"embeddable":true,"href":"http:\/\/desarrollo.grupomedios.com\/futbol\/wp-json\/wp\/v2\/media\/418067"}],"wp:attachment":[{"href":"http:\/\/desarrollo.grupomedios.com\/futbol\/wp-json\/wp\/v2\/media?parent=418060"}],"wp:term":[{"taxonomy":"category","embeddable":true,"href":"http:\/\/desarrollo.grupomedios.com\/futbol\/wp-json\/wp\/v2\/categories?post=418060"},{"taxonomy":"post_tag","embeddable":true,"href":"http:\/\/desarrollo.grupomedios.com\/futbol\/wp-json\/wp\/v2\/tags?post=418060"}],"curies":[{"name":"wp","href":"https:\/\/api.w.org\/{rel}","templated":true}]}}