{"id":418069,"date":"2016-08-16T07:58:10","date_gmt":"2016-08-16T12:58:10","guid":{"rendered":"https:\/\/www.futboltotal.com.mx\/?p=418069"},"modified":"2016-08-16T07:59:31","modified_gmt":"2016-08-16T12:59:31","slug":"agenda-de-partidos-de-futbol","status":"publish","type":"post","link":"http:\/\/desarrollo.grupomedios.com\/futbol\/destacado-home\/agenda-de-partidos-de-futbol\/2016\/08","title":{"rendered":"Qu\u00e9 jornada nos espera&#8230; \u00a1Partidos imperdibles!"},"content":{"rendered":"<p>El bal\u00f3n no para de rodar en el planeta futbol y durante los pr\u00f3ximos cinco d\u00edas hay un liza de partidos de primer nivel que no te puedes perder. Los mejores de ellos se disputar\u00e1n entre el martes y el mi\u00e9rcoles en la ronda de <em>play-offs<\/em>\u00a0de la <strong>Champions League<\/strong>, donde habr\u00e1 participaci\u00f3n de los <strong>mexicanos<\/strong> que militan en Europa.<\/p>\n<p>La primera prueba de fuego para\u00a0<strong>H\u00e9ctor Herrera,<em> Tecatito<\/em> Corona y Miguel Lay\u00fan<\/strong> bajo la batuta del nuevo entrenador Nuno Esp\u00edrito Santo est\u00e1 en puerta: enfrentan al AS Roma en la Ida de las eliminatorias de la UCL y la tercia de <em>tricolores<\/em> apunta para tener actividad, tras haber debutado con el pie derecho en la Liga de Portugal con <a href=\"https:\/\/www.futboltotal.com.mx\/2016\/08\/soberbio-gol-hector-herrera-porto\/\">una victoria en la que anotaron <em>HH<\/em>\u00a0y Corona.<\/a><em>\u00a0\u00a0<\/em><\/p>\n<p style=\"text-align: center;\"><span style=\"color: #3366ff;\"><strong><a style=\"color: #3366ff;\" href=\"https:\/\/www.futboltotal.com.mx\/futbol-internacional\/mexicanos-en-europa\/\">LEER M\u00c1S: Todas las noticias de mexicanos en Europa<\/a><\/strong><\/span><\/p>\n<p>\u00a0<a href=\"https:\/\/www.futboltotal.com.mx\/wp-content\/uploads\/2016\/08\/15agendadepartidos200.jpg\"><img decoding=\"async\" loading=\"lazy\" class=\"alignnone size-full wp-image-418070\" src=\"https:\/\/www.futboltotal.com.mx\/wp-content\/uploads\/2016\/08\/15agendadepartidos200.jpg\" alt=\"15agendadepartidos200\" srcset=\"http:\/\/desarrollo.grupomedios.com\/futbol\/wp-content\/uploads\/2016\/08\/15agendadepartidos200.jpg 858w, http:\/\/desarrollo.grupomedios.com\/futbol\/wp-content\/uploads\/2016\/08\/15agendadepartidos200-208x300.jpg 208w, http:\/\/desarrollo.grupomedios.com\/futbol\/wp-content\/uploads\/2016\/08\/15agendadepartidos200-768x1105.jpg 768w, http:\/\/desarrollo.grupomedios.com\/futbol\/wp-content\/uploads\/2016\/08\/15agendadepartidos200-711x1024.jpg 711w\" sizes=\"(max-width: 858px) 100vw, 858px\" \/><\/a><\/p>\n<p>El mi\u00e9rcoles el<strong> Villarreal<\/strong> har\u00e1 lo propio frente al AS M\u00f3naco y tendr\u00e1 que arregl\u00e1rselas sin el mexicano <strong>Jonathan dos Santos<\/strong>, quien <a href=\"https:\/\/www.futboltotal.com.mx\/2016\/08\/villarreal-pierde-a-jona-dos-santos\/\">se perder\u00e1 la serie debido a una lesi\u00f3n<\/a>. Y para seguir con los duelos de alto voltaje habr\u00e1 que ver el desenlace de la Supercopa de Espa\u00f1a entre Barcelona y Sevilla, duelo al que los <em>Cul\u00e9s<\/em> llegar\u00e1n con una ventaja de dos goles tras la victoria de este domingo en el S\u00e1nchez Pizju\u00e1n.<\/p>\n<p>En cuanto a los clubes de la Liga MX se refiere habr\u00e1 actividad para dos de &#8216;los cuatro equipos grandes&#8217; en la Copa MX: Am\u00e9rica enfrenta a Venados y Cruz Azul visita a Coras. En tanto, Pumas, Monterrey y Tigres roban reflector en la Liga de Campeones de la Concacaf al enfrentar a Honduras Progreso, \u00c1rabe Unido y Herediano, respectivamente.<\/p>\n","protected":false},"excerpt":{"rendered":"<p>Te dejamos la agenda con los mejores duelos de la semana<\/p>\n","protected":false},"author":20,"featured_media":418087,"comment_status":"closed","ping_status":"closed","sticky":false,"template":"","format":"standard","meta":[],"categories":[3841,5,3839,2198,3844,3846,3845],"tags":[97,1208,2607],"_links":{"self":[{"href":"http:\/\/desarrollo.grupomedios.com\/futbol\/wp-json\/wp\/v2\/posts\/418069"}],"collection":[{"href":"http:\/\/desarrollo.grupomedios.com\/futbol\/wp-json\/wp\/v2\/posts"}],"about":[{"href":"http:\/\/desarrollo.grupomedios.com\/futbol\/wp-json\/wp\/v2\/types\/post"}],"author":[{"embeddable":true,"href":"http:\/\/desarrollo.grupomedios.com\/futbol\/wp-json\/wp\/v2\/users\/20"}],"replies":[{"embeddable":true,"href":"http:\/\/desarrollo.grupomedios.com\/futbol\/wp-json\/wp\/v2\/comments?post=418069"}],"version-history":[{"count":0,"href":"http:\/\/desarrollo.grupomedios.com\/futbol\/wp-json\/wp\/v2\/posts\/418069\/revisions"}],"wp:featuredmedia":[{"embeddable":true,"href":"http:\/\/desarrollo.grupomedios.com\/futbol\/wp-json\/wp\/v2\/media\/418087"}],"wp:attachment":[{"href":"http:\/\/desarrollo.grupomedios.com\/futbol\/wp-json\/wp\/v2\/media?parent=418069"}],"wp:term":[{"taxonomy":"category","embeddable":true,"href":"http:\/\/desarrollo.grupomedios.com\/futbol\/wp-json\/wp\/v2\/categories?post=418069"},{"taxonomy":"post_tag","embeddable":true,"href":"http:\/\/desarrollo.grupomedios.com\/futbol\/wp-json\/wp\/v2\/tags?post=418069"}],"curies":[{"name":"wp","href":"https:\/\/api.w.org\/{rel}","templated":true}]}}