{"id":418099,"date":"2016-08-15T14:56:51","date_gmt":"2016-08-15T19:56:51","guid":{"rendered":"https:\/\/www.futboltotal.com.mx\/?p=418099"},"modified":"2016-08-15T14:56:51","modified_gmt":"2016-08-15T19:56:51","slug":"los-memes-del-centenario-del-atlas","status":"publish","type":"post","link":"http:\/\/desarrollo.grupomedios.com\/futbol\/galerias\/los-memes-del-centenario-del-atlas\/2016\/08","title":{"rendered":"Los Memes del centenario del Atlas"},"content":{"rendered":"<p>Este 15 de agosto, <a href=\"http:\/\/www.futboltotal.com.mx\/equipos\/atlas\/\" target=\"_blank\"><strong>Atlas<\/strong><\/a> festeja 100 a\u00f1os de su fundaci\u00f3n, y aunque ya muchos han felicitado al conjunto rojinegro, la mayor\u00eda de los mexicanos recuerdan que los Zorros s\u00f3lo han obtenido un t\u00edtulo de Liga MX, por lo que hicieron los siguientes <strong>Memes<\/strong>:<\/p>\n<p style=\"text-align: center;\"><span style=\"color: #3366ff;\"><a style=\"color: #3366ff;\" href=\"https:\/\/www.futboltotal.com.mx\/2016\/08\/clubes-centenarios-escasos-exitos\/\" target=\"_blank\"><strong>LEER M\u00c1S: Equipos centenarios con pocos t\u00edtulos<\/strong><\/a><\/span><\/p>\n<div id=\"galleryviB\" style=\"display:none;\"><img alt=\"\" src=\"http:\/\/desarrollo.grupomedios.com\/futbol\/wp-content\/uploads\/2016\/08\/memes-atlas.jpg\" data-image=\"http:\/\/desarrollo.grupomedios.com\/futbol\/wp-content\/uploads\/2016\/08\/memes-atlas.jpg\" data-description=\"memes atlas\"><img alt=\"\" src=\"http:\/\/desarrollo.grupomedios.com\/futbol\/wp-content\/uploads\/2016\/08\/memes-atlas-4.jpg\" data-image=\"http:\/\/desarrollo.grupomedios.com\/futbol\/wp-content\/uploads\/2016\/08\/memes-atlas-4.jpg\" data-description=\"memes atlas 4\"><img alt=\"\" src=\"http:\/\/desarrollo.grupomedios.com\/futbol\/wp-content\/uploads\/2016\/08\/memes-atlas-5.jpg\" data-image=\"http:\/\/desarrollo.grupomedios.com\/futbol\/wp-content\/uploads\/2016\/08\/memes-atlas-5.jpg\" data-description=\"memes atlas 5\"><img alt=\"\" src=\"http:\/\/desarrollo.grupomedios.com\/futbol\/wp-content\/uploads\/2016\/08\/memes-atlas-6.jpg\" data-image=\"http:\/\/desarrollo.grupomedios.com\/futbol\/wp-content\/uploads\/2016\/08\/memes-atlas-6.jpg\" data-description=\"memes atlas 6\"><img alt=\"\" src=\"http:\/\/desarrollo.grupomedios.com\/futbol\/wp-content\/uploads\/2016\/08\/memes-atlas-1.jpg\" data-image=\"http:\/\/desarrollo.grupomedios.com\/futbol\/wp-content\/uploads\/2016\/08\/memes-atlas-1.jpg\" data-description=\"memes atlas 1\"><img alt=\"\" src=\"http:\/\/desarrollo.grupomedios.com\/futbol\/wp-content\/uploads\/2016\/08\/memes-atlas-2.jpg\" data-image=\"http:\/\/desarrollo.grupomedios.com\/futbol\/wp-content\/uploads\/2016\/08\/memes-atlas-2.jpg\" data-description=\"memes atlas 2\"><img alt=\"\" src=\"http:\/\/desarrollo.grupomedios.com\/futbol\/wp-content\/uploads\/2016\/08\/memes-atlas-3.jpg\" data-image=\"http:\/\/desarrollo.grupomedios.com\/futbol\/wp-content\/uploads\/2016\/08\/memes-atlas-3.jpg\" data-description=\"memes atlas 3\"><\/div>\n        <script>\n        \/\/galeria 1\n        jQuery(document).ready(function(){ \n            var api;\n            api = jQuery(\"#galleryviB\").unitegallery({\n                carousel_autoplay: false\n            }); \n        });\n        <\/script>\n        \n<blockquote class=\"twitter-tweet\" data-lang=\"es\">\n<p dir=\"ltr\" lang=\"es\">Felices 100 a\u00f1os al mejor \u26ab\u2764<a href=\"https:\/\/twitter.com\/atlasfc\">@atlasfc<\/a> <a href=\"https:\/\/twitter.com\/hashtag\/CentenarioRojinegro?src=hash\">#CentenarioRojinegro<\/a> <a href=\"https:\/\/t.co\/UB8Ukvc2Ax\">pic.twitter.com\/UB8Ukvc2Ax<\/a><\/p>\n<p>\u2014 mariana bustos (@MarianaBustosT) <a href=\"https:\/\/twitter.com\/MarianaBustosT\/status\/765254649771241473\">15 de agosto de 2016<\/a><\/p><\/blockquote>\n<p><script src=\"\/\/platform.twitter.com\/widgets.js\" async=\"\" charset=\"utf-8\"><\/script><\/p>\n<blockquote class=\"twitter-tweet\" data-lang=\"es\"><p>\nYo ma\u00f1ana en la carrera del <a href=\"https:\/\/twitter.com\/hashtag\/CentenarioRojinegro?src=hash\">#CentenarioRojinegro<\/a> , al finalizar los 5 km &#8230; <a href=\"https:\/\/t.co\/CDMOM3WlCQ\">pic.twitter.com\/CDMOM3WlCQ<\/a><\/p>\n<p>\u2014 EL GUASON ROJINEGRO (@ElGuasonCabron) <a href=\"https:\/\/twitter.com\/ElGuasonCabron\/status\/764683907744739328\">14 de agosto de 2016<\/a>\n<\/p><\/blockquote>\n<p><script src=\"\/\/platform.twitter.com\/widgets.js\" async=\"\" charset=\"utf-8\"><\/script><\/p>\n<blockquote class=\"twitter-tweet\" data-lang=\"es\">\n<p dir=\"ltr\" lang=\"es\">Tu reacci\u00f3n al saber que hoy es el &#8230;&#8230;&#8230;&#8230; <a href=\"https:\/\/twitter.com\/hashtag\/CentenarioRojinegro?src=hash\">#CentenarioRojinegro<\/a><a href=\"https:\/\/twitter.com\/hashtag\/Atlas?src=hash\">#Atlas<\/a> <a href=\"https:\/\/t.co\/NW61eF0YAP\">pic.twitter.com\/NW61eF0YAP<\/a><\/p>\n<p>\u2014 LUISILLO ROJINEGRO (@LUISROJINEGRO2) <a href=\"https:\/\/twitter.com\/LUISROJINEGRO2\/status\/751885138837905408\">9 de julio de 2016<\/a><\/p><\/blockquote>\n<p><script src=\"\/\/platform.twitter.com\/widgets.js\" async=\"\" charset=\"utf-8\"><\/script><\/p>\n","protected":false},"excerpt":{"rendered":"<p>Tras cumplir un siglo de vida, as\u00ed se burlan de los rojinegros<\/p>\n","protected":false},"author":20,"featured_media":418107,"comment_status":"closed","ping_status":"closed","sticky":false,"template":"","format":"standard","meta":[],"categories":[2198,3,3845,6409],"tags":[5961,4949],"_links":{"self":[{"href":"http:\/\/desarrollo.grupomedios.com\/futbol\/wp-json\/wp\/v2\/posts\/418099"}],"collection":[{"href":"http:\/\/desarrollo.grupomedios.com\/futbol\/wp-json\/wp\/v2\/posts"}],"about":[{"href":"http:\/\/desarrollo.grupomedios.com\/futbol\/wp-json\/wp\/v2\/types\/post"}],"author":[{"embeddable":true,"href":"http:\/\/desarrollo.grupomedios.com\/futbol\/wp-json\/wp\/v2\/users\/20"}],"replies":[{"embeddable":true,"href":"http:\/\/desarrollo.grupomedios.com\/futbol\/wp-json\/wp\/v2\/comments?post=418099"}],"version-history":[{"count":0,"href":"http:\/\/desarrollo.grupomedios.com\/futbol\/wp-json\/wp\/v2\/posts\/418099\/revisions"}],"wp:featuredmedia":[{"embeddable":true,"href":"http:\/\/desarrollo.grupomedios.com\/futbol\/wp-json\/wp\/v2\/media\/418107"}],"wp:attachment":[{"href":"http:\/\/desarrollo.grupomedios.com\/futbol\/wp-json\/wp\/v2\/media?parent=418099"}],"wp:term":[{"taxonomy":"category","embeddable":true,"href":"http:\/\/desarrollo.grupomedios.com\/futbol\/wp-json\/wp\/v2\/categories?post=418099"},{"taxonomy":"post_tag","embeddable":true,"href":"http:\/\/desarrollo.grupomedios.com\/futbol\/wp-json\/wp\/v2\/tags?post=418099"}],"curies":[{"name":"wp","href":"https:\/\/api.w.org\/{rel}","templated":true}]}}