{"id":418119,"date":"2016-08-15T18:07:12","date_gmt":"2016-08-15T23:07:12","guid":{"rendered":"https:\/\/www.futboltotal.com.mx\/?p=418119"},"modified":"2016-08-15T18:42:45","modified_gmt":"2016-08-15T23:42:45","slug":"misael-rodriguez-asegura-medalla-mexico","status":"publish","type":"post","link":"http:\/\/desarrollo.grupomedios.com\/futbol\/destacado-home\/misael-rodriguez-asegura-medalla-mexico\/2016\/08","title":{"rendered":"\u00a1Misael Rodr\u00edguez asegura medalla para M\u00e9xico!"},"content":{"rendered":"<div class=\"desarrollo\">\n<p><strong>M\u00e9xico<\/strong> tiene amarrada la primera medalla en los Juegos Ol\u00edmpicos de <strong>R\u00edo de 2016<\/strong>. Y llegar\u00e1 en una de las disciplinas que menos lo esperaba y de las que menos recibi\u00f3 apoyo por parte del COM: el boxeo. La sequ\u00eda de la presente justa y de 16 a\u00f1os en esta disciplina acab\u00f3 gracias al\u00a0boxeador mexicano <strong>Misael Rodr\u00edguez, <\/strong>quien este lunes\u00a0avanz\u00f3 a las semifinales dentro de la categor\u00eda de los 75 kilogramos.<\/p>\n<p>En el ring del R\u00edocentro Pabell\u00f3n 6, el peleador chihuahuense hizo una buena contienda de cuartos de final contra el campe\u00f3n africano, el egipcio Hosam Hussein Bakr Abdin, y por decisi\u00f3n se qued\u00f3 con el triunfo de forma contundente por 3-0.<\/p>\n<p style=\"text-align: center;\"><span style=\"color: #3366ff;\"><a style=\"color: #3366ff;\" href=\"https:\/\/www.futboltotal.com.mx\/juegos-olimpicos-2016\/\"><strong>LEER M\u00c1S: Todas las noticias de Juegos Ol\u00edmpicos<\/strong>\u00a0<\/a><\/span><\/p>\n<blockquote class=\"twitter-tweet\" data-lang=\"es\">\n<p dir=\"ltr\" lang=\"es\">Misael Rodr\u00edguez <a href=\"https:\/\/twitter.com\/hashtag\/MEX?src=hash\">#MEX<\/a>, asegura <a href=\"https:\/\/twitter.com\/hashtag\/bronce?src=hash\">#bronce<\/a> en <a href=\"https:\/\/twitter.com\/hashtag\/boxeo?src=hash\">#boxeo<\/a> <a href=\"https:\/\/twitter.com\/hashtag\/VIDEO?src=hash\">#VIDEO<\/a>: <a href=\"https:\/\/t.co\/IGmpSublt1\">https:\/\/t.co\/IGmpSublt1<\/a>. <a href=\"https:\/\/twitter.com\/hashtag\/YoElijoClaroSports?src=hash\">#YoElijoClaroSports<\/a> <a href=\"https:\/\/t.co\/iIMX22hGIk\">pic.twitter.com\/iIMX22hGIk<\/a><\/p>\n<p>\u2014 Claro Sports (@ClaroSports) <a href=\"https:\/\/twitter.com\/ClaroSports\/status\/765319131268644864\">15 de agosto de 2016<\/a><\/p><\/blockquote>\n<p><script src=\"\/\/platform.twitter.com\/widgets.js\" async=\"\" charset=\"utf-8\"><\/script><br \/>\n Gracias a que el boxeo reparte dos medallas de bronce, por el hecho de clasificar a la antesala, Rodr\u00edguez ya tiene en la mano el metal de tercer lugar, sin embargo, todav\u00eda va a pelear por un lugar en la gran final, en busca del oro.<\/p>\n<p>Misael Rodr\u00edguez tuvo enfrente a un rival experimentado en el boxeo ol\u00edmpico, quien, sin embargo, no pudo hacer nada ante el buen juego de piernas, velocidad, ataque y propuesta del mexicano, por lo que en su desesperaci\u00f3n firm\u00f3 una batalla sucia.<\/p>\n<p>Precisamente, por el hecho de demostrar m\u00e1s decisi\u00f3n a la hora de golpear pudo quedarse con el primer asalto, con triple 10-9 de los jueces favoreciendo al tricolor.<\/p>\n<blockquote class=\"twitter-tweet\" data-lang=\"es\"><p>\u00a1Victoria para Misael Rodr\u00edguez! El mexicano avanza a semifinales y asegura <a href=\"https:\/\/twitter.com\/hashtag\/BRONCE?src=hash\">#BRONCE<\/a> <a href=\"https:\/\/t.co\/ZMFMUWxJ5t\">https:\/\/t.co\/ZMFMUWxJ5t<\/a> <a href=\"https:\/\/t.co\/F5GV3JL316\">https:\/\/t.co\/F5GV3JL316<\/a><\/p><\/blockquote>\n<p>\u2014 Claro Sports (@ClaroSports) <a href=\"https:\/\/twitter.com\/ClaroSports\/status\/765309702603313152\">15 de agosto de 2016<\/a><\/p>\n<p><script src=\"\/\/platform.twitter.com\/widgets.js\" async=\"\" charset=\"utf-8\"><\/script><br \/>\nAbajo en el marcador, el egipcio tuvo que ir m\u00e1s al frente, pero encontr\u00f3 pocos espacios a trav\u00e9s de la buena guardia del mexicano, quien aguant\u00f3, midi\u00f3 la distancia con jab y en el intercambio de golpes siempre mostr\u00f3 mayor determinaci\u00f3n.<\/p>\n<p>El \u00fanico sufrimiento que pas\u00f3 Misael Uziel a lo largo de la pelea fue que su protector bucal sali\u00f3 volando en tres ocasiones, una por round, situaci\u00f3n que le rest\u00f3 un punto.<\/p>\n<p>En el tercer round, con todo a favor, el chihuahuense manej\u00f3 los tiempos, el reloj fue su aliado, el bucal sali\u00f3 desprendido, pero no por un contacto de su oponente, sino por no cerrar la boca, as\u00ed que recibi\u00f3 la advertencia y aunque sali\u00f3 abajo en la puntuaci\u00f3n del \u00faltimo episodio, ya nada le quit\u00f3 su pase a la semifinal.<\/p>\n<p>De este modo, <strong>Misael Rodr\u00edguez<\/strong> chocar\u00e1 en las semifinales contra el uzbeco Bektemir Melikuziev, el pr\u00f3ximo jueves 18 de agosto, donde el ganador buscar\u00e1 la medalla de oro en la gran final y el perdedor se quedar\u00e1 con el bronce.<\/p>\n<\/div>\n","protected":false},"excerpt":{"rendered":"<p>El p\u00fagil chihuahuense, con el bronce en la bolsa, aspira a morder el oro<\/p>\n","protected":false},"author":20,"featured_media":418120,"comment_status":"closed","ping_status":"closed","sticky":false,"template":"","format":"standard","meta":[],"categories":[7269,5,7182,7188,7189],"tags":[1911,65],"_links":{"self":[{"href":"http:\/\/desarrollo.grupomedios.com\/futbol\/wp-json\/wp\/v2\/posts\/418119"}],"collection":[{"href":"http:\/\/desarrollo.grupomedios.com\/futbol\/wp-json\/wp\/v2\/posts"}],"about":[{"href":"http:\/\/desarrollo.grupomedios.com\/futbol\/wp-json\/wp\/v2\/types\/post"}],"author":[{"embeddable":true,"href":"http:\/\/desarrollo.grupomedios.com\/futbol\/wp-json\/wp\/v2\/users\/20"}],"replies":[{"embeddable":true,"href":"http:\/\/desarrollo.grupomedios.com\/futbol\/wp-json\/wp\/v2\/comments?post=418119"}],"version-history":[{"count":0,"href":"http:\/\/desarrollo.grupomedios.com\/futbol\/wp-json\/wp\/v2\/posts\/418119\/revisions"}],"wp:featuredmedia":[{"embeddable":true,"href":"http:\/\/desarrollo.grupomedios.com\/futbol\/wp-json\/wp\/v2\/media\/418120"}],"wp:attachment":[{"href":"http:\/\/desarrollo.grupomedios.com\/futbol\/wp-json\/wp\/v2\/media?parent=418119"}],"wp:term":[{"taxonomy":"category","embeddable":true,"href":"http:\/\/desarrollo.grupomedios.com\/futbol\/wp-json\/wp\/v2\/categories?post=418119"},{"taxonomy":"post_tag","embeddable":true,"href":"http:\/\/desarrollo.grupomedios.com\/futbol\/wp-json\/wp\/v2\/tags?post=418119"}],"curies":[{"name":"wp","href":"https:\/\/api.w.org\/{rel}","templated":true}]}}