{"id":418164,"date":"2016-08-16T08:46:28","date_gmt":"2016-08-16T13:46:28","guid":{"rendered":"https:\/\/www.futboltotal.com.mx\/?p=418164"},"modified":"2016-08-16T08:46:28","modified_gmt":"2016-08-16T13:46:28","slug":"low-prepara-homenaje-schweinsteiger-podolski","status":"publish","type":"post","link":"http:\/\/desarrollo.grupomedios.com\/futbol\/futbol-internacional\/low-prepara-homenaje-schweinsteiger-podolski\/2016\/08","title":{"rendered":"L\u00f6w prepara homenaje para Schweinsteiger y Podolski"},"content":{"rendered":"<p>El seleccionador alem\u00e1n, <strong>Joachim L\u00f6w<\/strong>, anunci\u00f3 que convocar\u00e1 una vez m\u00e1s a <strong>Bastian Schweisteiger<\/strong> y <strong>Lukas Podolski,<\/strong> que han puesto fin a su carrera como internacionales tras doce a\u00f1os, para que puedan despedirse en el campo de la selecci\u00f3n.<\/p>\n<p>&#8220;Basti y Lukas han hecho m\u00e9ritos enormes y le han dado mucho a la selecci\u00f3n y al f\u00fatbol alem\u00e1n. S\u00e9 lo que significa para ellos jugar una \u00faltima vez con Alemania&#8221;, dijo <strong>L\u00f6w<\/strong> a trav\u00e9s de un comunicado de la Federaci\u00f3n Alemana de F\u00fatbol (DFB).<\/p>\n<p>La despedida de <strong>Schweinsteiger<\/strong> se har\u00e1 el 31 de agosto, en el amistoso contra Finlandia y la idea original era que ese partido fuera tambi\u00e9n el adi\u00f3s a <strong>Podolski<\/strong> que, sin embargo, no podr\u00e1 jugar debido a una lesi\u00f3n de tobillo.<\/p>\n<p>No obstante, <strong>L\u00f6w<\/strong> dijo que buscar\u00e1 otra ocasi\u00f3n para que Podolski pueda despedirse del p\u00fablico vistiendo la camiseta de la selecci\u00f3n.<\/p>\n<p style=\"text-align: center;\"><span style=\"color: #3366ff;\"><a style=\"color: #3366ff;\" href=\"https:\/\/www.futboltotal.com.mx\/2016\/08\/jugadores-centenarios-con-alemania\/\" target=\"_blank\"><strong>LEER M\u00c1S: Se extinguen los centuriones alemanes<\/strong><\/a><\/span><\/p>\n<p><strong>Podolski<\/strong> y <strong>Schweinsteiger<\/strong> eran los \u00faltimos supervivientes del llamado &#8220;sue\u00f1o de verano&#8221; del Mundial 2006 en Alemania.<\/p>\n<p>En aquel torneo, &#8220;Schweini y Poldi&#8221;, como les llamaban los medios y el p\u00fablico, eran el rostro joven de la selecci\u00f3n.<\/p>\n<p>Ocho a\u00f1os m\u00e1s tarde, en Brasil 2014, representaban la veteran\u00eda en la selecci\u00f3n que se coron\u00f3 campeona del mundo.<\/p>\n<p>Los dos jugadores estuvieron en siete torneos, tres campeonatos del mundo y cuatro Eurocopas. <strong>Podolski<\/strong> jug\u00f3 129 partidos como internacional y <strong>Schweinsteiger<\/strong> 120.<\/p>\n","protected":false},"excerpt":{"rendered":"<p>Los convocar\u00e1 por \u00faltima vez para su despedida<\/p>\n","protected":false},"author":144,"featured_media":418166,"comment_status":"closed","ping_status":"closed","sticky":false,"template":"","format":"standard","meta":[],"categories":[3839,5951],"tags":[6000,5746,2581],"_links":{"self":[{"href":"http:\/\/desarrollo.grupomedios.com\/futbol\/wp-json\/wp\/v2\/posts\/418164"}],"collection":[{"href":"http:\/\/desarrollo.grupomedios.com\/futbol\/wp-json\/wp\/v2\/posts"}],"about":[{"href":"http:\/\/desarrollo.grupomedios.com\/futbol\/wp-json\/wp\/v2\/types\/post"}],"author":[{"embeddable":true,"href":"http:\/\/desarrollo.grupomedios.com\/futbol\/wp-json\/wp\/v2\/users\/144"}],"replies":[{"embeddable":true,"href":"http:\/\/desarrollo.grupomedios.com\/futbol\/wp-json\/wp\/v2\/comments?post=418164"}],"version-history":[{"count":0,"href":"http:\/\/desarrollo.grupomedios.com\/futbol\/wp-json\/wp\/v2\/posts\/418164\/revisions"}],"wp:featuredmedia":[{"embeddable":true,"href":"http:\/\/desarrollo.grupomedios.com\/futbol\/wp-json\/wp\/v2\/media\/418166"}],"wp:attachment":[{"href":"http:\/\/desarrollo.grupomedios.com\/futbol\/wp-json\/wp\/v2\/media?parent=418164"}],"wp:term":[{"taxonomy":"category","embeddable":true,"href":"http:\/\/desarrollo.grupomedios.com\/futbol\/wp-json\/wp\/v2\/categories?post=418164"},{"taxonomy":"post_tag","embeddable":true,"href":"http:\/\/desarrollo.grupomedios.com\/futbol\/wp-json\/wp\/v2\/tags?post=418164"}],"curies":[{"name":"wp","href":"https:\/\/api.w.org\/{rel}","templated":true}]}}