{"id":418202,"date":"2016-08-16T11:05:19","date_gmt":"2016-08-16T16:05:19","guid":{"rendered":"https:\/\/www.futboltotal.com.mx\/?p=418202"},"modified":"2016-08-16T12:45:10","modified_gmt":"2016-08-16T17:45:10","slug":"jose-carlos-herrera-avanza-semifinales-atletismo-juegos-olimpicos","status":"publish","type":"post","link":"http:\/\/desarrollo.grupomedios.com\/futbol\/juegos-olimpicos-2016\/jose-carlos-herrera-avanza-semifinales-atletismo-juegos-olimpicos\/2016\/08","title":{"rendered":"\u00a1Jos\u00e9 Carlos Herrera se mete a Semifinales de atletismo!"},"content":{"rendered":"<div class=\"contenido\">\n<div class=\"cont-cuerpo\">\n<p>El mexicano <strong>Jos\u00e9 Carlos Herrera<\/strong> consigui\u00f3 este martes el triunfo en el cuarto hit eliminatorio de los <strong>200 metros planos<\/strong> de <strong>R\u00edo 2016<\/strong>, en el evento disputado en el estadio Joao Havelange.<\/p>\n<p>El mexicano qued\u00f3 en primer lugar entre los competidores con un tiempo de 20.29 segundos, logrando un nuevo r\u00e9cord para los mexicanos en la especialidad. Con este triunfo, <strong>Herrera<\/strong> est\u00e1 mejorando su participaci\u00f3n luego de que en al edici\u00f3n de Londres 2012 quedara eliminado en la primera ronda.<\/p>\n<p><img decoding=\"async\" loading=\"lazy\" class=\"alignnone size-full wp-image-418207\" src=\"https:\/\/www.futboltotal.com.mx\/wp-content\/uploads\/2016\/08\/mexicano-herrera-atletismo.jpg\" alt=\"mexicano-herrera-atletismo\" srcset=\"http:\/\/desarrollo.grupomedios.com\/futbol\/wp-content\/uploads\/2016\/08\/mexicano-herrera-atletismo.jpg 858w, http:\/\/desarrollo.grupomedios.com\/futbol\/wp-content\/uploads\/2016\/08\/mexicano-herrera-atletismo-300x151.jpg 300w, http:\/\/desarrollo.grupomedios.com\/futbol\/wp-content\/uploads\/2016\/08\/mexicano-herrera-atletismo-768x386.jpg 768w, http:\/\/desarrollo.grupomedios.com\/futbol\/wp-content\/uploads\/2016\/08\/mexicano-herrera-atletismo-340x171.jpg 340w\" sizes=\"(max-width: 858px) 100vw, 858px\" \/><\/p>\n<p style=\"text-align: center;\"><span style=\"color: #3366ff;\"><a style=\"color: #3366ff;\" href=\"https:\/\/www.futboltotal.com.mx\/2016\/08\/rommel-pacheco-a-la-final-trampolin\/\" target=\"_blank\">Leer m\u00e1s: Rommel Pacheco se meti\u00f3 a la Final de clavados<\/a><\/span><\/p>\n<p>Ahora el mexicano buscar\u00e1 hacer historia cuando este mi\u00e9rcoles busque convertirse en el primer mexicano que alcanza una final en los<strong> 200 metros planos<\/strong> y en caso de que lo logre, se medir\u00eda con la estrella jamaiquina Usain Bolt.<\/p>\n<p>&nbsp;<\/p>\n<\/div>\n<\/div>\n<div class=\"banner\"><\/div>\n","protected":false},"excerpt":{"rendered":"<p>El mexicano podr\u00eda competir contra Usain Bolt<\/p>\n","protected":false},"author":20,"featured_media":418208,"comment_status":"closed","ping_status":"closed","sticky":false,"template":"","format":"standard","meta":[],"categories":[7187,7182,7188],"tags":[1911,5664],"_links":{"self":[{"href":"http:\/\/desarrollo.grupomedios.com\/futbol\/wp-json\/wp\/v2\/posts\/418202"}],"collection":[{"href":"http:\/\/desarrollo.grupomedios.com\/futbol\/wp-json\/wp\/v2\/posts"}],"about":[{"href":"http:\/\/desarrollo.grupomedios.com\/futbol\/wp-json\/wp\/v2\/types\/post"}],"author":[{"embeddable":true,"href":"http:\/\/desarrollo.grupomedios.com\/futbol\/wp-json\/wp\/v2\/users\/20"}],"replies":[{"embeddable":true,"href":"http:\/\/desarrollo.grupomedios.com\/futbol\/wp-json\/wp\/v2\/comments?post=418202"}],"version-history":[{"count":0,"href":"http:\/\/desarrollo.grupomedios.com\/futbol\/wp-json\/wp\/v2\/posts\/418202\/revisions"}],"wp:featuredmedia":[{"embeddable":true,"href":"http:\/\/desarrollo.grupomedios.com\/futbol\/wp-json\/wp\/v2\/media\/418208"}],"wp:attachment":[{"href":"http:\/\/desarrollo.grupomedios.com\/futbol\/wp-json\/wp\/v2\/media?parent=418202"}],"wp:term":[{"taxonomy":"category","embeddable":true,"href":"http:\/\/desarrollo.grupomedios.com\/futbol\/wp-json\/wp\/v2\/categories?post=418202"},{"taxonomy":"post_tag","embeddable":true,"href":"http:\/\/desarrollo.grupomedios.com\/futbol\/wp-json\/wp\/v2\/tags?post=418202"}],"curies":[{"name":"wp","href":"https:\/\/api.w.org\/{rel}","templated":true}]}}