{"id":418228,"date":"2016-08-16T13:53:32","date_gmt":"2016-08-16T18:53:32","guid":{"rendered":"https:\/\/www.futboltotal.com.mx\/?p=418228"},"modified":"2016-08-16T16:30:04","modified_gmt":"2016-08-16T21:30:04","slug":"clavadista-brasilena-expulsada-rio-escandalo-sexual","status":"publish","type":"post","link":"http:\/\/desarrollo.grupomedios.com\/futbol\/juegos-olimpicos-2016\/clavadista-brasilena-expulsada-rio-escandalo-sexual\/2016\/08","title":{"rendered":"Expulsan a clavadista brasile\u00f1a por esc\u00e1ndalo sexual"},"content":{"rendered":"<p>La clavadista brasile\u00f1a <strong>Ingrid de Oliveira<\/strong>, ha sido expulsada de los <strong>Juegos Ol\u00edmpicos<\/strong> de <strong>R\u00edo 2016<\/strong> luego de que su compa\u00f1era Giovanna Pedrosa, la denunciara ante el Comit\u00e9 de \u00e9ste pa\u00eds por haber tenido relaciones sexuales previo a la competencia.<\/p>\n<p>Luego de que quedaran en la \u00faltima posici\u00f3n en la plataforma de 10 metros, su compa\u00f1era decidi\u00f3 denunciar que <strong>Oliveira<\/strong> tuvo relaciones sexuales con su compa\u00f1ero de remo Pedro Gon\u00e7alves una noche antes de la competencia en la que quedaron en el octavo lugar.<\/p>\n<p>El Comit\u00e9 Ol\u00edmpico Brasile\u00f1o\u00a0decidi\u00f3 expulsar a la brasile\u00f1a mientras que Giovvanna Pedrosa asegur\u00f3 que nunca m\u00e1s volver\u00e1 a salir con ella en una competici\u00f3n, pues seg\u00fan medios brasile\u00f1os, ten\u00edan mala relaci\u00f3n y este hecho deton\u00f3 todo.<\/p>\n<p style=\"text-align: center;\"><strong><span style=\"color: #3366ff;\"><a style=\"color: #3366ff;\" href=\"https:\/\/www.futboltotal.com.mx\/2016\/08\/rommel-pacheco-a-la-final-trampolin\/\" target=\"_blank\">Leer m\u00e1s: Rommel Pacheco a la final de clavados<\/a><\/span><\/strong><\/p>\n<blockquote class=\"instagram-media\" style=\"background: #FFF; border: 0; border-radius: 3px; box-shadow: 0 0 1px 0 rgba(0,0,0,0.5),0 1px 10px 0 rgba(0,0,0,0.15); margin: 1px; max-width: 658px; padding: 0; width: calc(100% - 2px);\" data-instgrm-version=\"7\">\n<div style=\"padding: 8px;\">\n<div style=\"background: #F8F8F8; line-height: 0; margin-top: 40px; padding: 37.4537037037% 0; text-align: center; width: 100%;\"><\/div>\n<p style=\"color: #c9c8cd; font-family: Arial,sans-serif; font-size: 14px; line-height: 17px; margin-bottom: 0; margin-top: 8px; overflow: hidden; padding: 8px 0 7px; text-align: center; text-overflow: ellipsis; white-space: nowrap;\"><a style=\"color: #c9c8cd; font-family: Arial,sans-serif; font-size: 14px; font-style: normal; font-weight: normal; line-height: 17px; text-decoration: none;\" href=\"https:\/\/www.instagram.com\/p\/BGUYDfIIZ0G\/\" target=\"_blank\">A photo posted by \u0197\u0147\u01e4\u0158\u0197\u0110 \u00d8\u0141\u0197V\u20ac\u0197\u0158\u0394 \u04dd (@ingrid.oliveira96)<\/a> on <time style=\"font-family: Arial,sans-serif; font-size: 14px; line-height: 17px;\" datetime=\"2016-06-06T15:39:37+00:00\">Jun 6, 2016 at 8:39am PDT<\/time><\/p>\n<\/div>\n<\/blockquote>\n<p><script src=\"\/\/platform.instagram.com\/en_US\/embeds.js\" async=\"\" defer=\"defer\"><\/script><\/p>\n<blockquote class=\"instagram-media\" style=\"background: #FFF; border: 0; border-radius: 3px; box-shadow: 0 0 1px 0 rgba(0,0,0,0.5),0 1px 10px 0 rgba(0,0,0,0.15); margin: 1px; max-width: 658px; padding: 0; width: calc(100% - 2px);\" data-instgrm-captioned=\"\" data-instgrm-version=\"7\">\n<div style=\"padding: 8px;\">\n<div style=\"background: #F8F8F8; line-height: 0; margin-top: 40px; padding: 62.4537037037% 0; text-align: center; width: 100%;\"><\/div>\n<p><a style=\"color: #000; font-family: Arial,sans-serif; font-size: 14px; font-style: normal; font-weight: normal; line-height: 17px; text-decoration: none; word-wrap: break-word;\" href=\"https:\/\/www.instagram.com\/p\/BFuJvY9oZ-X\/\" target=\"_blank\">Rio \u2708\ufe0f\u2764\ufe0f<\/a><\/p>\n<p>A photo posted by \u0197\u0147\u01e4\u0158\u0197\u0110 \u00d8\u0141\u0197V\u20ac\u0197\u0158\u0394 \u04dd (@ingrid.oliveira96) on <time style=\"font-family: Arial,sans-serif; font-size: 14px; line-height: 17px;\" datetime=\"2016-05-22T19:23:24+00:00\">May 22, 2016 at 12:23pm PDT<\/time>\n<\/div>\n<\/blockquote>\n<p><script src=\"\/\/platform.instagram.com\/en_US\/embeds.js\" async=\"\" defer=\"defer\"><\/script><\/p>\n","protected":false},"excerpt":{"rendered":"<p>La atleta fue sorprendida con su connacional Pedro Gon\u00e7alves<\/p>\n","protected":false},"author":20,"featured_media":418243,"comment_status":"closed","ping_status":"closed","sticky":false,"template":"","format":"standard","meta":[],"categories":[7182,7188],"tags":[1911],"_links":{"self":[{"href":"http:\/\/desarrollo.grupomedios.com\/futbol\/wp-json\/wp\/v2\/posts\/418228"}],"collection":[{"href":"http:\/\/desarrollo.grupomedios.com\/futbol\/wp-json\/wp\/v2\/posts"}],"about":[{"href":"http:\/\/desarrollo.grupomedios.com\/futbol\/wp-json\/wp\/v2\/types\/post"}],"author":[{"embeddable":true,"href":"http:\/\/desarrollo.grupomedios.com\/futbol\/wp-json\/wp\/v2\/users\/20"}],"replies":[{"embeddable":true,"href":"http:\/\/desarrollo.grupomedios.com\/futbol\/wp-json\/wp\/v2\/comments?post=418228"}],"version-history":[{"count":0,"href":"http:\/\/desarrollo.grupomedios.com\/futbol\/wp-json\/wp\/v2\/posts\/418228\/revisions"}],"wp:featuredmedia":[{"embeddable":true,"href":"http:\/\/desarrollo.grupomedios.com\/futbol\/wp-json\/wp\/v2\/media\/418243"}],"wp:attachment":[{"href":"http:\/\/desarrollo.grupomedios.com\/futbol\/wp-json\/wp\/v2\/media?parent=418228"}],"wp:term":[{"taxonomy":"category","embeddable":true,"href":"http:\/\/desarrollo.grupomedios.com\/futbol\/wp-json\/wp\/v2\/categories?post=418228"},{"taxonomy":"post_tag","embeddable":true,"href":"http:\/\/desarrollo.grupomedios.com\/futbol\/wp-json\/wp\/v2\/tags?post=418228"}],"curies":[{"name":"wp","href":"https:\/\/api.w.org\/{rel}","templated":true}]}}