{"id":418229,"date":"2016-08-16T13:03:34","date_gmt":"2016-08-16T18:03:34","guid":{"rendered":"https:\/\/www.futboltotal.com.mx\/?p=418229"},"modified":"2016-08-16T13:03:34","modified_gmt":"2016-08-16T18:03:34","slug":"conade-sin-derecho-a-la-medalla-boxeo","status":"publish","type":"post","link":"http:\/\/desarrollo.grupomedios.com\/futbol\/box\/conade-sin-derecho-a-la-medalla-boxeo\/2016\/08","title":{"rendered":"CONADE, sin derecho a la medalla de boxeo"},"content":{"rendered":"<p>El presidente de la <strong>Federaci\u00f3n Mexicana de Boxeo<\/strong>, Ricardo Contreras, dijo hoy que el director de la Comisi\u00f3n Nacional del Deporte (<strong>CONADE<\/strong>) de M\u00e9xico, <strong>Alfredo Castillo<\/strong>, carece de calidad moral para adjudicarse la medalla ol\u00edmpica asegurada por el p\u00fagil Misael Rodr\u00edguez en <strong>R\u00edo 2016<\/strong>.<\/p>\n<p>&#8220;<strong>Castillo<\/strong> no tiene la calidad moral, ni siquiera para salir en una fotograf\u00eda con uno de nuestros boxeadores&#8221;, dijo Contreras en una entrevista con la cadena mexicana Radio F\u00f3rmula, desde <strong>R\u00edo de Janeiro<\/strong>, Brasil.<\/p>\n<p>Rodr\u00edguez ya asegur\u00f3 al menos el bronce al llegar a semifinales en el boxeo categor\u00eda 69 kilos que transcurrir\u00e1n este jueves con la posibilidad de llegar a la final y mejorar el color del metal de la medalla.<\/p>\n<p>La medalla desencaden\u00f3 felicitaciones a Rodr\u00edguez por su \u00e9xito personal y atiz\u00f3 las diferencias que su Federaci\u00f3n mantiene desde 2015 con la <strong>CONADE<\/strong> que afectaron la preparaci\u00f3n de los p\u00fagiles que compiten en R\u00edo al supuestamente negarles recursos gubernamentales.<\/p>\n<p>Contreras sostuvo durante la entrevista que la <strong>Federaci\u00f3n de Boxeo<\/strong> lleva m\u00e1s de un a\u00f1o sin recibir recursos del gobierno y por ello le parece injusto que Castillo pretenda adjudicarse la medalla como un resultado del trabajo de la <strong>CONADE<\/strong>. &#8220;Deber\u00eda darle pena que alguien que no apoyo, hoy est\u00e1 dando la cara por M\u00e9xico&#8221;, manifest\u00f3 Contreras.<\/p>\n<p style=\"text-align: center;\"><span style=\"color: #3366ff;\"><a style=\"color: #3366ff;\" href=\"https:\/\/www.futboltotal.com.mx\/2016\/08\/misael-rodriguez-del-boteo-al-podio\/\" target=\"_blank\"><strong>LEER M\u00c1S: Misael Rodr\u00edguez tuvo que botear para pagar su viaje y pelear por boleto a R\u00edo<\/strong><\/a><\/span><\/p>\n<p>En septiembre del 2015, Misael y otros boxeadores del equipo ol\u00edmpico de M\u00e9xico salieron a las calles de la capital mexicana a pedir dinero en el transporte p\u00fablico para poder pagarse un viaje a una competici\u00f3n internacional.<\/p>\n<p>Contreras dijo que desde que tom\u00f3 el cargo en 2015, Castillo ha hecho calumnias a la Federaci\u00f3n y amenazado con meter a sus directivos a la c\u00e1rcel.<\/p>\n<p>El titular de la Federacino consider\u00f3 que al asegurarse la conquista de esta medalla, Rodr\u00edguez demostr\u00f3 que sin el apoyo del gobierno, el boxeo, &#8220;el deporte de los m\u00e1s pobres en M\u00e9xico&#8221; es el que saca la cabeza por el pa\u00eds.<\/p>\n<p>El dirigente de la CONADE celebr\u00f3 la conquista de la medalla de Rodr\u00edguez en boxeo con un mensaje en su cuenta de Twitter en la que reconoci\u00f3 el esfuerzo del p\u00fagil mexicano.<\/p>\n<p>&#8220;Nuestros deportistas han dado todo en R\u00edo2016, hoy Misael corona su esfuerzo&#8221;, declar\u00f3 el titular de la <strong>CONADE<\/strong>, entidad del estado encargada del manejo del deporte en el pa\u00eds.<\/p>\n<p>En el mismo mensaje, Castillo hizo p\u00fablica una fotograf\u00eda en la que se le ve fundido en un abrazo con el boxeador mexicano, a quien &#8220;alent\u00f3 y felicit\u00f3&#8221; durante y tras su pelea<\/p>\n","protected":false},"excerpt":{"rendered":"<p>Alfredo Castillo, sin calidad moral para adjudicarse la presea: Federaci\u00f3n de Box<\/p>\n","protected":false},"author":144,"featured_media":418231,"comment_status":"closed","ping_status":"closed","sticky":false,"template":"","format":"standard","meta":[],"categories":[6282,7182,7188],"tags":[6502,1911],"_links":{"self":[{"href":"http:\/\/desarrollo.grupomedios.com\/futbol\/wp-json\/wp\/v2\/posts\/418229"}],"collection":[{"href":"http:\/\/desarrollo.grupomedios.com\/futbol\/wp-json\/wp\/v2\/posts"}],"about":[{"href":"http:\/\/desarrollo.grupomedios.com\/futbol\/wp-json\/wp\/v2\/types\/post"}],"author":[{"embeddable":true,"href":"http:\/\/desarrollo.grupomedios.com\/futbol\/wp-json\/wp\/v2\/users\/144"}],"replies":[{"embeddable":true,"href":"http:\/\/desarrollo.grupomedios.com\/futbol\/wp-json\/wp\/v2\/comments?post=418229"}],"version-history":[{"count":0,"href":"http:\/\/desarrollo.grupomedios.com\/futbol\/wp-json\/wp\/v2\/posts\/418229\/revisions"}],"wp:featuredmedia":[{"embeddable":true,"href":"http:\/\/desarrollo.grupomedios.com\/futbol\/wp-json\/wp\/v2\/media\/418231"}],"wp:attachment":[{"href":"http:\/\/desarrollo.grupomedios.com\/futbol\/wp-json\/wp\/v2\/media?parent=418229"}],"wp:term":[{"taxonomy":"category","embeddable":true,"href":"http:\/\/desarrollo.grupomedios.com\/futbol\/wp-json\/wp\/v2\/categories?post=418229"},{"taxonomy":"post_tag","embeddable":true,"href":"http:\/\/desarrollo.grupomedios.com\/futbol\/wp-json\/wp\/v2\/tags?post=418229"}],"curies":[{"name":"wp","href":"https:\/\/api.w.org\/{rel}","templated":true}]}}