{"id":418285,"date":"2016-08-16T17:14:44","date_gmt":"2016-08-16T22:14:44","guid":{"rendered":"https:\/\/www.futboltotal.com.mx\/?p=418285"},"modified":"2016-08-16T17:15:39","modified_gmt":"2016-08-16T22:15:39","slug":"resultados-canada-0-2-alemania-juegos-olimpicos","status":"publish","type":"post","link":"http:\/\/desarrollo.grupomedios.com\/futbol\/futbol-internacional\/resultados-canada-0-2-alemania-juegos-olimpicos\/2016\/08","title":{"rendered":"Alemania derrot\u00f3 a Canad\u00e1 e ir\u00e1n por el oro ante Suecia"},"content":{"rendered":"<p>Un gol de Melanie Behringer y otro de Sara Daebritz han puesto este martes a la selecci\u00f3n femenina de <strong>Alemania<\/strong> por primera vez en la final de unos J<strong>uegos Ol\u00edmpicos<\/strong> horas despu\u00e9s de que Suecia tambi\u00e9n alcanzara el logro in\u00e9dito a costa de las brasile\u00f1as, en el estadio Maracan\u00e1.<\/p>\n<p>Un penalti ejecutado con precisi\u00f3n a los 21 minutos ha consolidado de paso a la delantera Melanie Behringer en la cima de la clasificaci\u00f3n de goleadas, con cinco.<\/p>\n<blockquote class=\"twitter-tweet\" data-lang=\"es\">\n<p dir=\"ltr\" lang=\"es\">Las <a href=\"https:\/\/twitter.com\/DFB_Frauen\">@DFB_Frauen<\/a> ir\u00e1n por el oro ante Suecia este viernes 19\/8 a las 22:30 CEST <a href=\"https:\/\/t.co\/v9PjglqTGB\">pic.twitter.com\/v9PjglqTGB<\/a><\/p>\n<p>\u2014 Selecci\u00f3n Alemana (@DFB_Team_ES) <a href=\"https:\/\/twitter.com\/DFB_Team_ES\/status\/765655632171114496\">16 de agosto de 2016<\/a><\/p><\/blockquote>\n<p><script src=\"\/\/platform.twitter.com\/widgets.js\" async=\"\" charset=\"utf-8\"><\/script><\/p>\n<p>Sara Daebritz puso la puntilla a los 59 minutos y en adelante las jugadoras de Silvia Neid se dedicaron a administrar con comodidad un partido que pudieron haber terminado con un resultado m\u00e1s holgado debido a los espacios en defensa que dejaron las Canucks en su b\u00fasqueda desesperada por la igualdad.<\/p>\n<p>Alemania se citar\u00e1 con Suecia en una final in\u00e9dita por el oro ol\u00edmpico en el f\u00fatbol femenino, cuya participaci\u00f3n comenz\u00f3 hace seis ediciones, en Atlanta&#8217;96.<\/p>\n<p><span style=\"color: #3366ff;\"><strong><a style=\"color: #3366ff;\" href=\"https:\/\/www.futboltotal.com.mx\/2016\/08\/resultados-steaua-0-5-manchester-city-champions-league\/\" target=\"_blank\">Leer m\u00e1s: Manchester City golea y tiene un pie en la Champions League<\/a><\/strong><\/span><\/p>\n<p>Tres medallas de bronce han ganado las selecciones alemanas. En Sydney 2000, Atenas 2004 y Pek\u00edn 2008.<\/p>\n<p>Suecia, que jam\u00e1s hab\u00eda llegado al podio, en el peor de los casos podr\u00e1 colgarse este viernes la presea de plata, un bot\u00edn que para las alemanas tambi\u00e9n ser\u00eda el m\u00e1s valioso en la historia de sus participaciones.<\/p>\n<p>Al perder con Suecia, en una tanda de penaltis por 3-4 que sucedi\u00f3 a un empate sin goles en tiempo reglamentario y los 30 minutos de alargue, Brasil jugar\u00e1 el partido por la medalla de bronce frente a Canad\u00e1 el mismo 19 de diciembre, pero en Sao Paulo.<\/p>\n<blockquote class=\"twitter-tweet\" data-lang=\"es\"><p>\n<a href=\"https:\/\/twitter.com\/hashtag\/GER?src=hash\">#GER<\/a> Vs <a href=\"https:\/\/twitter.com\/hashtag\/SWE?src=hash\">#SWE<\/a> por el <a href=\"https:\/\/twitter.com\/hashtag\/Oro?src=hash\">#Oro<\/a> en <a href=\"https:\/\/twitter.com\/rio2016_es\">@rio2016_es<\/a>!! <a href=\"https:\/\/twitter.com\/hashtag\/FutSinG%C3%A9nero?src=hash\">#FutSinG\u00e9nero<\/a> <a href=\"https:\/\/t.co\/HDzjKiw1N6\">pic.twitter.com\/HDzjKiw1N6<\/a><\/p>\n<p>\u2014 Wera Kuri (@WeraKuri) <a href=\"https:\/\/twitter.com\/WeraKuri\/status\/765655035371855872\">16 de agosto de 2016<\/a>\n<\/p><\/blockquote>\n<p><script src=\"\/\/platform.twitter.com\/widgets.js\" async=\"\" charset=\"utf-8\"><\/script><\/p>\n<p>La final europea por la medalla de oro se jugar\u00e1 en el estadio Maracan\u00e1, que hoy recibi\u00f3 otra dura decepci\u00f3n en su historia con la eliminaci\u00f3n de las brasile\u00f1as. EFE<\/p>\n","protected":false},"excerpt":{"rendered":"<p>Alemania y Suecia pelear\u00e1n por el oro en Maracan\u00e1<\/p>\n","protected":false},"author":144,"featured_media":418286,"comment_status":"closed","ping_status":"closed","sticky":false,"template":"","format":"standard","meta":[],"categories":[3839,7186,7182,7188,5951],"tags":[6214,1911],"_links":{"self":[{"href":"http:\/\/desarrollo.grupomedios.com\/futbol\/wp-json\/wp\/v2\/posts\/418285"}],"collection":[{"href":"http:\/\/desarrollo.grupomedios.com\/futbol\/wp-json\/wp\/v2\/posts"}],"about":[{"href":"http:\/\/desarrollo.grupomedios.com\/futbol\/wp-json\/wp\/v2\/types\/post"}],"author":[{"embeddable":true,"href":"http:\/\/desarrollo.grupomedios.com\/futbol\/wp-json\/wp\/v2\/users\/144"}],"replies":[{"embeddable":true,"href":"http:\/\/desarrollo.grupomedios.com\/futbol\/wp-json\/wp\/v2\/comments?post=418285"}],"version-history":[{"count":0,"href":"http:\/\/desarrollo.grupomedios.com\/futbol\/wp-json\/wp\/v2\/posts\/418285\/revisions"}],"wp:featuredmedia":[{"embeddable":true,"href":"http:\/\/desarrollo.grupomedios.com\/futbol\/wp-json\/wp\/v2\/media\/418286"}],"wp:attachment":[{"href":"http:\/\/desarrollo.grupomedios.com\/futbol\/wp-json\/wp\/v2\/media?parent=418285"}],"wp:term":[{"taxonomy":"category","embeddable":true,"href":"http:\/\/desarrollo.grupomedios.com\/futbol\/wp-json\/wp\/v2\/categories?post=418285"},{"taxonomy":"post_tag","embeddable":true,"href":"http:\/\/desarrollo.grupomedios.com\/futbol\/wp-json\/wp\/v2\/tags?post=418285"}],"curies":[{"name":"wp","href":"https:\/\/api.w.org\/{rel}","templated":true}]}}