{"id":418313,"date":"2016-08-16T18:12:39","date_gmt":"2016-08-16T23:12:39","guid":{"rendered":"https:\/\/www.futboltotal.com.mx\/?p=418313"},"modified":"2016-08-17T00:09:18","modified_gmt":"2016-08-17T05:09:18","slug":"rommel-pacheco-se-queda-sin-medalla","status":"publish","type":"post","link":"http:\/\/desarrollo.grupomedios.com\/futbol\/juegos-olimpicos-2016\/rommel-pacheco-se-queda-sin-medalla\/2016\/08","title":{"rendered":"Rommel Pacheco se queda sin medalla"},"content":{"rendered":"<p>Los clavados eran la esperanza para conseguir la tan anhelada medalla en los <a href=\"https:\/\/www.futboltotal.com.mx\/juegos-olimpicos-2016\/\" target=\"_blank\"><strong>Juegos Ol\u00edmpicos<\/strong><\/a>, sin embargo, la decepci\u00f3n lleg\u00f3 nuevamente despu\u00e9s que <strong>Rommel Pacheco<\/strong> finalizara en el s\u00e9ptimo lugar en el<strong> trampol\u00edn de 3 metros<\/strong>, siendo que el chino Cao Yuan domin\u00f3 y se adjudic\u00f3 la de oro.<\/p>\n<p>Aunque tuvo un gran cierre, el yucateco padeci\u00f3 por sus saltos iniciales al promediar 45.90 y 58.50, lo cual condicion\u00f3 sus aspiraciones al podio.<\/p>\n<blockquote class=\"twitter-tweet\" data-lang=\"es\">\n<p dir=\"ltr\" lang=\"es\">El mexicano Rommel Pacheco tuvo un mal inicio y termin\u00f3 s\u00e9ptimo en la final ol\u00edmpica de clavados trampol\u00edn 3 metros <a href=\"https:\/\/t.co\/lOyOrxK943\">pic.twitter.com\/lOyOrxK943<\/a><\/p>\n<p>\u2014 Comit\u00e9 Ol\u00edmpico MEX (@COM_Mexico) <a href=\"https:\/\/twitter.com\/COM_Mexico\/status\/765676391971028993\">16 de agosto de 2016<\/a><\/p><\/blockquote>\n<p><script src=\"\/\/platform.twitter.com\/widgets.js\" async=\"\" charset=\"utf-8\"><\/script><\/p>\n<p>Para el cierre, <strong>Rommel Pacheco<\/strong> aument\u00f3 sus calificaciones 86.70 y 79.20, pero ya era demasiado tarde, pues nada pudo hacer con el Cao Yuan que qued\u00f3 en la cima, seguido del ingl\u00e9s Jack Laugher y el tercer puesto fue para el alem\u00e1n Patrck Hausding.<\/p>\n","protected":false},"excerpt":{"rendered":"<p>Los clavados tambi\u00e9n desilusionaron <\/p>\n","protected":false},"author":20,"featured_media":418315,"comment_status":"closed","ping_status":"closed","sticky":false,"template":"","format":"standard","meta":[],"categories":[7269,7185,7182],"tags":[1911,5664],"_links":{"self":[{"href":"http:\/\/desarrollo.grupomedios.com\/futbol\/wp-json\/wp\/v2\/posts\/418313"}],"collection":[{"href":"http:\/\/desarrollo.grupomedios.com\/futbol\/wp-json\/wp\/v2\/posts"}],"about":[{"href":"http:\/\/desarrollo.grupomedios.com\/futbol\/wp-json\/wp\/v2\/types\/post"}],"author":[{"embeddable":true,"href":"http:\/\/desarrollo.grupomedios.com\/futbol\/wp-json\/wp\/v2\/users\/20"}],"replies":[{"embeddable":true,"href":"http:\/\/desarrollo.grupomedios.com\/futbol\/wp-json\/wp\/v2\/comments?post=418313"}],"version-history":[{"count":0,"href":"http:\/\/desarrollo.grupomedios.com\/futbol\/wp-json\/wp\/v2\/posts\/418313\/revisions"}],"wp:featuredmedia":[{"embeddable":true,"href":"http:\/\/desarrollo.grupomedios.com\/futbol\/wp-json\/wp\/v2\/media\/418315"}],"wp:attachment":[{"href":"http:\/\/desarrollo.grupomedios.com\/futbol\/wp-json\/wp\/v2\/media?parent=418313"}],"wp:term":[{"taxonomy":"category","embeddable":true,"href":"http:\/\/desarrollo.grupomedios.com\/futbol\/wp-json\/wp\/v2\/categories?post=418313"},{"taxonomy":"post_tag","embeddable":true,"href":"http:\/\/desarrollo.grupomedios.com\/futbol\/wp-json\/wp\/v2\/tags?post=418313"}],"curies":[{"name":"wp","href":"https:\/\/api.w.org\/{rel}","templated":true}]}}