{"id":418321,"date":"2016-08-16T18:37:39","date_gmt":"2016-08-16T23:37:39","guid":{"rendered":"https:\/\/www.futboltotal.com.mx\/?p=418321"},"modified":"2025-12-17T12:04:11","modified_gmt":"2025-12-17T18:04:11","slug":"tri-olimpico-sufrio-distracciones","status":"publish","type":"post","link":"http:\/\/desarrollo.grupomedios.com\/futbol\/futbol-mexicano\/tri-olimpico-sufrio-distracciones\/2016\/08","title":{"rendered":"\u00bfTri Ol\u00edmpico sufri\u00f3 de \u201cdistracciones\u201d?"},"content":{"rendered":"<p>Una de las mayores decepciones en los <a href=\"https:\/\/www.futboltotal.com.mx\/juegos-olimpicos-2016\/\" target=\"_blank\" rel=\"noopener\"><strong>Juegos Ol\u00edmpicos<\/strong><\/a> fue la participaci\u00f3n del <strong>Tri Sub-23<\/strong> el cual fue incapaz de superar la fase de grupos, situaci\u00f3n que desencaden\u00f3 una serie de cr\u00edticas. Motivos del fracaso son diversos, pero destaca que uno de ellos podr\u00eda haber sido por las \u201cdistracciones\u201d que tuvieron algunos futbolistas.<\/p>\n<p>De acuerdo con una publicaci\u00f3n del <em>Universal<\/em>, elementos como<strong> Carlos Salcedo<\/strong> y Oribe Peralta estuvieron con sus parejas en el tiempo de las concentraciones, situaci\u00f3n que est\u00e1 prohibida por parte de la Federaci\u00f3n Mexicana de Futbol (FMF) ya que caus\u00f3 problemas en procesos anteriores.<\/p>\n<blockquote class=\"twitter-tweet\" data-lang=\"es\">\n<p dir=\"ltr\" lang=\"es\">Suscr\u00edbete a <a href=\"https:\/\/twitter.com\/hashtag\/Pasi%C3%B3nQueConecta?src=hash\">#Pasi\u00f3nQueConecta<\/a> y podr\u00e1s acceder a contenido exclusivo.<\/p>\n<p>\u00a1Es muy f\u00e1cil! <a href=\"https:\/\/t.co\/HYJNZxhLly\">pic.twitter.com\/HYJNZxhLly<\/a><\/p>\n<p>\u2014 Selecci\u00f3n Nacional (@miseleccionmx) <a href=\"https:\/\/twitter.com\/miseleccionmx\/status\/765578485104422912\">16 de agosto de 2016<\/a><\/p><\/blockquote>\n<p><script src=\"\/\/platform.twitter.com\/widgets.js\" async=\"\" charset=\"utf-8\"><\/script><\/p>\n<p>Los directivos del organismo sab\u00edan de la situaci\u00f3n, pero no les dijeron nada, a pesar que esto puede causar distracciones en las competiciones.<\/p>\n<p><em>Crack<\/em>, \u00bfcrees que esto afect\u00f3 el desempe\u00f1o del <strong>Tri Ol\u00edmpico<\/strong>?<\/p>\n","protected":false},"excerpt":{"rendered":"<p>Algunos jugadores interrumpieron sus concentraciones <\/p>\n","protected":false},"author":20,"featured_media":520485,"comment_status":"closed","ping_status":"closed","sticky":false,"template":"","format":"standard","meta":[],"categories":[5419,2198,3847],"tags":[2377],"_links":{"self":[{"href":"http:\/\/desarrollo.grupomedios.com\/futbol\/wp-json\/wp\/v2\/posts\/418321"}],"collection":[{"href":"http:\/\/desarrollo.grupomedios.com\/futbol\/wp-json\/wp\/v2\/posts"}],"about":[{"href":"http:\/\/desarrollo.grupomedios.com\/futbol\/wp-json\/wp\/v2\/types\/post"}],"author":[{"embeddable":true,"href":"http:\/\/desarrollo.grupomedios.com\/futbol\/wp-json\/wp\/v2\/users\/20"}],"replies":[{"embeddable":true,"href":"http:\/\/desarrollo.grupomedios.com\/futbol\/wp-json\/wp\/v2\/comments?post=418321"}],"version-history":[{"count":1,"href":"http:\/\/desarrollo.grupomedios.com\/futbol\/wp-json\/wp\/v2\/posts\/418321\/revisions"}],"predecessor-version":[{"id":520646,"href":"http:\/\/desarrollo.grupomedios.com\/futbol\/wp-json\/wp\/v2\/posts\/418321\/revisions\/520646"}],"wp:featuredmedia":[{"embeddable":true,"href":"http:\/\/desarrollo.grupomedios.com\/futbol\/wp-json\/wp\/v2\/media\/520485"}],"wp:attachment":[{"href":"http:\/\/desarrollo.grupomedios.com\/futbol\/wp-json\/wp\/v2\/media?parent=418321"}],"wp:term":[{"taxonomy":"category","embeddable":true,"href":"http:\/\/desarrollo.grupomedios.com\/futbol\/wp-json\/wp\/v2\/categories?post=418321"},{"taxonomy":"post_tag","embeddable":true,"href":"http:\/\/desarrollo.grupomedios.com\/futbol\/wp-json\/wp\/v2\/tags?post=418321"}],"curies":[{"name":"wp","href":"https:\/\/api.w.org\/{rel}","templated":true}]}}