{"id":418335,"date":"2016-08-16T20:01:11","date_gmt":"2016-08-17T01:01:11","guid":{"rendered":"https:\/\/www.futboltotal.com.mx\/?p=418335"},"modified":"2016-08-16T20:01:11","modified_gmt":"2016-08-17T01:01:11","slug":"lucas-lobos-ya-nuevo-equipo","status":"publish","type":"post","link":"http:\/\/desarrollo.grupomedios.com\/futbol\/futbol-mexicano\/lucas-lobos-ya-nuevo-equipo\/2016\/08","title":{"rendered":"Lucas Lobos ya tiene nuevo equipo"},"content":{"rendered":"<p>El mediocampista, <strong>Lucas Lobos<\/strong>, ya tiene\u00a0equipo nuevo se trata del <strong>Gimnasia y Esgrima La Plata<\/strong>, de esta forma termina su traves\u00eda por la Liga MX, misma que dur\u00f3 ocho a\u00f1os.<\/p>\n<p>El sudamericano lleg\u00f3 a M\u00e9xico en 2008 con Tigres donde se convirti\u00f3 en uno de los jugadores m\u00e1s importantes, pero gradualmente perdi\u00f3 protagonismo hasta que sali\u00f3 en 2014. Con <strong>Toluca<\/strong> estuvo lejos de consolidarse y se fue por la \u201cpuerta trasera\u201d.<\/p>\n<blockquote class=\"twitter-tweet\" data-lang=\"es\">\n<p dir=\"ltr\" lang=\"es\">EN DIRECTO en <a href=\"https:\/\/twitter.com\/hashtag\/Periscope?src=hash\">#Periscope<\/a>: Entrenamiento en vivo. <a href=\"https:\/\/t.co\/ZWqYRIBMEP\">https:\/\/t.co\/ZWqYRIBMEP<\/a><\/p>\n<p>\u2014 Toluca FC (@TolucaFC) <a href=\"https:\/\/twitter.com\/TolucaFC\/status\/765710782784909312\">17 de agosto de 2016<\/a><\/p><\/blockquote>\n<p><script src=\"\/\/platform.twitter.com\/widgets.js\" async=\"\" charset=\"utf-8\"><\/script><\/p>\n<p>A sus 35 a\u00f1os de edad, <strong>Lucas Lobos<\/strong> vivir\u00e1 sus \u00faltimas experiencias en el futbol profesional aunque lo har\u00e1 en la liga de su pa\u00eds.<\/p>\n<p>Cabe mencionar que <strong>Gimnasia y Esgrima<\/strong> tambi\u00e9n planea repatriar al defensa Dar\u00edo Bottinelli, quien tampoco pudo afianzarse en <strong>Toluca<\/strong>.<\/p>\n<p><span style=\"color: #ff0000;\"><strong>VIDEO<\/strong>: Agenda de #TV de la jornada 6<\/span><\/p>\n<p>[video_player]https:\/\/player.vimeo.com\/external\/178959696.sd.mp4?s=ad75c8bf8eae33510bac134b1657d33f50e8b18d&amp;profile_id=165[\/video_player]<\/p>\n","protected":false},"excerpt":{"rendered":"<p>El mediocampista regresar\u00e1 a Argentina <\/p>\n","protected":false},"author":20,"featured_media":418338,"comment_status":"closed","ping_status":"closed","sticky":false,"template":"","format":"standard","meta":[],"categories":[2198,3845],"tags":[5975],"_links":{"self":[{"href":"http:\/\/desarrollo.grupomedios.com\/futbol\/wp-json\/wp\/v2\/posts\/418335"}],"collection":[{"href":"http:\/\/desarrollo.grupomedios.com\/futbol\/wp-json\/wp\/v2\/posts"}],"about":[{"href":"http:\/\/desarrollo.grupomedios.com\/futbol\/wp-json\/wp\/v2\/types\/post"}],"author":[{"embeddable":true,"href":"http:\/\/desarrollo.grupomedios.com\/futbol\/wp-json\/wp\/v2\/users\/20"}],"replies":[{"embeddable":true,"href":"http:\/\/desarrollo.grupomedios.com\/futbol\/wp-json\/wp\/v2\/comments?post=418335"}],"version-history":[{"count":0,"href":"http:\/\/desarrollo.grupomedios.com\/futbol\/wp-json\/wp\/v2\/posts\/418335\/revisions"}],"wp:featuredmedia":[{"embeddable":true,"href":"http:\/\/desarrollo.grupomedios.com\/futbol\/wp-json\/wp\/v2\/media\/418338"}],"wp:attachment":[{"href":"http:\/\/desarrollo.grupomedios.com\/futbol\/wp-json\/wp\/v2\/media?parent=418335"}],"wp:term":[{"taxonomy":"category","embeddable":true,"href":"http:\/\/desarrollo.grupomedios.com\/futbol\/wp-json\/wp\/v2\/categories?post=418335"},{"taxonomy":"post_tag","embeddable":true,"href":"http:\/\/desarrollo.grupomedios.com\/futbol\/wp-json\/wp\/v2\/tags?post=418335"}],"curies":[{"name":"wp","href":"https:\/\/api.w.org\/{rel}","templated":true}]}}