{"id":418350,"date":"2016-08-19T09:27:21","date_gmt":"2016-08-19T14:27:21","guid":{"rendered":"https:\/\/www.futboltotal.com.mx\/?p=418350"},"modified":"2016-08-19T09:29:08","modified_gmt":"2016-08-19T14:29:08","slug":"inicia-la-liga-atletico-real-madrid-a-la-caza-barca","status":"publish","type":"post","link":"http:\/\/desarrollo.grupomedios.com\/futbol\/destacado-home\/inicia-la-liga-atletico-real-madrid-a-la-caza-barca\/2016\/08","title":{"rendered":"Atl\u00e9tico y Real Madrid, a la caza de Bar\u00e7a"},"content":{"rendered":"<p>La <strong>Liga 2016-17<\/strong> alza el tel\u00f3n con el <strong>Barcelona<\/strong>, campe\u00f3n de los dos \u00faltimos torneos, dispuesto a mantener el trono ante<strong> Real Madrid<\/strong> y <strong>Atl\u00e9tico de Madrid<\/strong>, los dos candidatos a arrebat\u00e1rselo, y con los equipos que acabaron bien clasificados en el pasado campeonato como aspirantes a sorprenderles.<\/p>\n<p>En las cuatro \u00faltimas ediciones de la Liga se ha repetido el podio. El Barcelona sum\u00f3 tres t\u00edtulos y un segundo puesto, el Atl\u00e9tico un campeonato y tres terceras posiciones y el Real Madrid tres subcampeonatos y un tercer puesto.<\/p>\n<p style=\"text-align: center;\"><a href=\"https:\/\/www.futboltotal.com.mx\/2016\/08\/comienza-la-renovada-premier-league\/\"><span style=\"color: #3366ff;\"><strong>LEER M\u00c1S: Comienza la renovada Premier League<\/strong><\/span><\/a><\/p>\n<p style=\"text-align: center;\"><a href=\"https:\/\/www.futboltotal.com.mx\/wp-content\/uploads\/2016\/08\/Infografia-la-Liga-2016-Barcelona-.jpg\"><img decoding=\"async\" loading=\"lazy\" class=\"alignnone size-full wp-image-418890\" src=\"https:\/\/www.futboltotal.com.mx\/wp-content\/uploads\/2016\/08\/Infografia-la-Liga-2016-Barcelona-.jpg\" alt=\"Infografia-la-Liga-2016-Barcelona-\" srcset=\"http:\/\/desarrollo.grupomedios.com\/futbol\/wp-content\/uploads\/2016\/08\/Infografia-la-Liga-2016-Barcelona-.jpg 858w, http:\/\/desarrollo.grupomedios.com\/futbol\/wp-content\/uploads\/2016\/08\/Infografia-la-Liga-2016-Barcelona--300x270.jpg 300w, http:\/\/desarrollo.grupomedios.com\/futbol\/wp-content\/uploads\/2016\/08\/Infografia-la-Liga-2016-Barcelona--768x691.jpg 768w\" sizes=\"(max-width: 858px) 100vw, 858px\" \/><\/a><\/p>\n<p style=\"text-align: left;\">Los tres se presentan de nuevo como los m\u00e1s cualificados para repetir en lo m\u00e1s alto de la tabla del pr\u00f3ximo campeonato, tanto por su potencial en los \u00faltimos a\u00f1os, como por la calidad de sus plantillas, sus posibilidades econ\u00f3micas y el momento de estabilidad en el que acabaron el pasado campeonato.<\/p>\n<p>Los proyectos de Luis Enrique Mart\u00ednez en el Barcelona y de Diego Simeone en el Atl\u00e9tico de Madrid est\u00e1n completamente consolidados, mientras que el Real Madrid acab\u00f3 el pasado campeonato en una fase de serenidad de la mano de Zinedine Zidane, con la moral que supone el t\u00edtulo de Liga de Campeones con el que cerr\u00f3 la temporada.<\/p>\n<p style=\"text-align: center;\"><a href=\"https:\/\/www.futboltotal.com.mx\/wp-content\/uploads\/2016\/08\/infografia-laliga-2016-2.jpg\"><img decoding=\"async\" loading=\"lazy\" class=\"alignnone size-full wp-image-418894\" src=\"https:\/\/www.futboltotal.com.mx\/wp-content\/uploads\/2016\/08\/infografia-laliga-2016-2.jpg\" alt=\"infografia-laliga-2016-2\" srcset=\"http:\/\/desarrollo.grupomedios.com\/futbol\/wp-content\/uploads\/2016\/08\/infografia-laliga-2016-2.jpg 858w, http:\/\/desarrollo.grupomedios.com\/futbol\/wp-content\/uploads\/2016\/08\/infografia-laliga-2016-2-300x193.jpg 300w, http:\/\/desarrollo.grupomedios.com\/futbol\/wp-content\/uploads\/2016\/08\/infografia-laliga-2016-2-768x494.jpg 768w\" sizes=\"(max-width: 858px) 100vw, 858px\" \/><\/a><\/p>\n<p>De esta forma, ninguno de los tres equipos parte de cero o inicia ciclo. La claridad de las ideas de todos ellos debe contribuir al objetivo de encaramarse desde el primer momento a las primeras posiciones de la clasificaci\u00f3n.<\/p>\n<p>En la lucha por la cuarta posici\u00f3n o, como m\u00ednimo, por alcanzar un puesto para jugar la siguiente Liga Europa estar\u00e1n junto al Villarreal, equipos como el Athletic Club de Bilbao, Celta de Vigo y Sevilla, dispuesto este \u00faltimo a refrendar en la Liga la excelente trayectoria mostrada en Europa en las \u00faltimas campa\u00f1as con Jorge Sampaoli, quien reemplaza a Unai Emery y encabeza la ola de nuevos t\u00e9cnicos en la competici\u00f3n.<\/p>\n<p>Aunado a ello, como siempre, solo tres equipos, los que han ascendido, aspirar\u00e1n a poco m\u00e1s que salvarse. Ser\u00e1 el caso de Alav\u00e9s, Legan\u00e9s y Osasuna.\u00a0Mientras, el Legan\u00e9s debuta en la elite del f\u00fatbol espa\u00f1ol, el conjunto vitoriano regresa a Primera diez a\u00f1os despu\u00e9s del descenso que sufri\u00f3 en 2006. Los recuerdos de Osasuna en esta categor\u00eda son m\u00e1s recientes, ya que el equipo navarro solo han pasado en Segunda las dos \u00faltimas temporadas.<\/p>\n<p><a href=\"https:\/\/www.futboltotal.com.mx\/wp-content\/uploads\/2016\/08\/Infografia-la-liga-2016-tecnicos.jpg\"><img decoding=\"async\" loading=\"lazy\" class=\"size-full wp-image-418893 aligncenter\" src=\"https:\/\/www.futboltotal.com.mx\/wp-content\/uploads\/2016\/08\/Infografia-la-liga-2016-tecnicos.jpg\" alt=\"Infografia-la-liga-2016-tecnicos\" srcset=\"http:\/\/desarrollo.grupomedios.com\/futbol\/wp-content\/uploads\/2016\/08\/Infografia-la-liga-2016-tecnicos.jpg 858w, http:\/\/desarrollo.grupomedios.com\/futbol\/wp-content\/uploads\/2016\/08\/Infografia-la-liga-2016-tecnicos-291x300.jpg 291w, http:\/\/desarrollo.grupomedios.com\/futbol\/wp-content\/uploads\/2016\/08\/Infografia-la-liga-2016-tecnicos-768x791.jpg 768w\" sizes=\"(max-width: 858px) 100vw, 858px\" \/><\/a><\/p>\n<p>Dos de los que habr\u00e1 que seguir con lupa son Paco J\u00e9mez y Fran Escrib\u00e1, pues tendr\u00e1n a su cargo a dos de los tres mexicanos que militan en la Liga. El primero dirigir\u00e1 a Guillermo Ochoa, quien dej\u00f3 el M\u00e1laga para gozar de la titularidad que no tuvo en las dos campa\u00f1as anteriores. El segundo tratar\u00e1 de recobrar la mejor versi\u00f3n de Jonathan dos Santos, quien logr\u00f3 ser una pieza clave y hombre de confianza de Marcelino Garc\u00eda Toral.<\/p>\n<p>En este curso, tampoco habr\u00e1 que perder de vista a Carlos Vela que, tras un a\u00f1o de sin sabores que le ocasionaron descr\u00e9dito con la hinchada, tratar\u00e1 de volver a ser el l\u00edder artillero del club bajo el mando de Eusebio Sacrist\u00e1n, quien asegur\u00f3 que 2esta con muchas ganas de ser el de siempre, nuestro gran jugador&#8221;.<\/p>\n<p>Para todos ellos el objetivo es ganarse una plaza para participar en los<em> play-offs<\/em> de la Champions 2017 o la Liga de Europa, en algunos casos con propuestas de continuidad como la de Eusebio Sacrist\u00e1n en la Real Sociedad, pero en las restantes con nuevos proyectos que, en t\u00e9rminos generales, estar\u00e1n marcados por la presencia de un nuevo entrenador y muchos cambios en las plantillas.<\/p>\n<p><a href=\"https:\/\/www.futboltotal.com.mx\/wp-content\/uploads\/2016\/08\/Infografia-la-liga-2016-mexicanos.jpg\"><img decoding=\"async\" loading=\"lazy\" class=\"size-full wp-image-418891 aligncenter\" src=\"https:\/\/www.futboltotal.com.mx\/wp-content\/uploads\/2016\/08\/Infografia-la-liga-2016-mexicanos.jpg\" alt=\"Infografia-la-liga-2016-mexicanos\" srcset=\"http:\/\/desarrollo.grupomedios.com\/futbol\/wp-content\/uploads\/2016\/08\/Infografia-la-liga-2016-mexicanos.jpg 858w, http:\/\/desarrollo.grupomedios.com\/futbol\/wp-content\/uploads\/2016\/08\/Infografia-la-liga-2016-mexicanos-300x229.jpg 300w, http:\/\/desarrollo.grupomedios.com\/futbol\/wp-content\/uploads\/2016\/08\/Infografia-la-liga-2016-mexicanos-768x586.jpg 768w\" sizes=\"(max-width: 858px) 100vw, 858px\" \/><\/a><\/p>\n<p>En el apartado del mercado de fichajes la gran sorpresa la ha dado el Atl\u00e9tico de Madrid, el club que m\u00e1s ha gastado en el mercado espa\u00f1ol (81.5 millones de euros) y que ha realizado fichaje de primer nivel como el extremo izquierdo Nico Gait\u00e1n y el centro delantero Kevin Gameiro, cuyos registros rozaron la treintena de goles en todas las competiciones.<\/p>\n<p>El <strong>Barcelona<\/strong> tambi\u00e9n ha hecho lo propio con refuerzos de la categor\u00eda de Samuel Umtiti, Lucas Digne, y anot\u00e1ndose el fichaje m\u00e1s caro en lo que va del mercado con la llegada de Andr\u00e9 Gomes. Caso contrario al Real Madrid, que ha apostado por la continuidad en la plantilla y solo ha fichado a \u00c1lvaro Morata.<\/p>\n<p><a href=\"https:\/\/www.futboltotal.com.mx\/wp-content\/uploads\/2016\/08\/Fichajes-la-liga-2016.jpg\"><img decoding=\"async\" loading=\"lazy\" class=\"size-full wp-image-418896 aligncenter\" src=\"https:\/\/www.futboltotal.com.mx\/wp-content\/uploads\/2016\/08\/Fichajes-la-liga-2016.jpg\" alt=\"Fichajes-la-liga-2016\" srcset=\"http:\/\/desarrollo.grupomedios.com\/futbol\/wp-content\/uploads\/2016\/08\/Fichajes-la-liga-2016.jpg 858w, http:\/\/desarrollo.grupomedios.com\/futbol\/wp-content\/uploads\/2016\/08\/Fichajes-la-liga-2016-159x300.jpg 159w, http:\/\/desarrollo.grupomedios.com\/futbol\/wp-content\/uploads\/2016\/08\/Fichajes-la-liga-2016-768x1447.jpg 768w, http:\/\/desarrollo.grupomedios.com\/futbol\/wp-content\/uploads\/2016\/08\/Fichajes-la-liga-2016-543x1024.jpg 543w\" sizes=\"(max-width: 858px) 100vw, 858px\" \/><\/a><\/p>\n<p>En cuanto a la liza de partidos se refiere ya est\u00e1 marcado en el calendario las fechas que se deben tener en cuenta con el Cl\u00e1sico, derbis, as\u00ed como duelos en los que habr\u00e1n de enfrentarse mexicanos. En suma hay m\u00e1s de un pu\u00f1o de razones para mirar a la liga, donde juegan dos de los mejores equipos del mundo y militan los astros Lionel Messi y Cristiano Ronaldo. \u00a1Que ruede el bal\u00f3n en la Liga!<\/p>\n<p><a href=\"https:\/\/www.futboltotal.com.mx\/wp-content\/uploads\/2016\/08\/Calendario-de-partidosla-liga-2016.jpg\"><img decoding=\"async\" loading=\"lazy\" class=\"alignnone size-full wp-image-418902\" src=\"https:\/\/www.futboltotal.com.mx\/wp-content\/uploads\/2016\/08\/Calendario-de-partidosla-liga-2016.jpg\" alt=\"Calendario-de-partidosla-liga-2016\" srcset=\"http:\/\/desarrollo.grupomedios.com\/futbol\/wp-content\/uploads\/2016\/08\/Calendario-de-partidosla-liga-2016.jpg 858w, http:\/\/desarrollo.grupomedios.com\/futbol\/wp-content\/uploads\/2016\/08\/Calendario-de-partidosla-liga-2016-150x150.jpg 150w, http:\/\/desarrollo.grupomedios.com\/futbol\/wp-content\/uploads\/2016\/08\/Calendario-de-partidosla-liga-2016-300x300.jpg 300w, http:\/\/desarrollo.grupomedios.com\/futbol\/wp-content\/uploads\/2016\/08\/Calendario-de-partidosla-liga-2016-768x770.jpg 768w\" sizes=\"(max-width: 858px) 100vw, 858px\" \/><\/a><\/p>\n","protected":false},"excerpt":{"rendered":"<p>Inicia la temporada 2016 en Espa\u00f1a con nuevos fichajes, t\u00e9cnicos y mexicanos a seguir <\/p>\n","protected":false},"author":20,"featured_media":418882,"comment_status":"closed","ping_status":"closed","sticky":false,"template":"","format":"standard","meta":[],"categories":[5,3839,3844],"tags":[2047,5984,5988],"_links":{"self":[{"href":"http:\/\/desarrollo.grupomedios.com\/futbol\/wp-json\/wp\/v2\/posts\/418350"}],"collection":[{"href":"http:\/\/desarrollo.grupomedios.com\/futbol\/wp-json\/wp\/v2\/posts"}],"about":[{"href":"http:\/\/desarrollo.grupomedios.com\/futbol\/wp-json\/wp\/v2\/types\/post"}],"author":[{"embeddable":true,"href":"http:\/\/desarrollo.grupomedios.com\/futbol\/wp-json\/wp\/v2\/users\/20"}],"replies":[{"embeddable":true,"href":"http:\/\/desarrollo.grupomedios.com\/futbol\/wp-json\/wp\/v2\/comments?post=418350"}],"version-history":[{"count":0,"href":"http:\/\/desarrollo.grupomedios.com\/futbol\/wp-json\/wp\/v2\/posts\/418350\/revisions"}],"wp:featuredmedia":[{"embeddable":true,"href":"http:\/\/desarrollo.grupomedios.com\/futbol\/wp-json\/wp\/v2\/media\/418882"}],"wp:attachment":[{"href":"http:\/\/desarrollo.grupomedios.com\/futbol\/wp-json\/wp\/v2\/media?parent=418350"}],"wp:term":[{"taxonomy":"category","embeddable":true,"href":"http:\/\/desarrollo.grupomedios.com\/futbol\/wp-json\/wp\/v2\/categories?post=418350"},{"taxonomy":"post_tag","embeddable":true,"href":"http:\/\/desarrollo.grupomedios.com\/futbol\/wp-json\/wp\/v2\/tags?post=418350"}],"curies":[{"name":"wp","href":"https:\/\/api.w.org\/{rel}","templated":true}]}}