{"id":418392,"date":"2016-08-16T20:00:21","date_gmt":"2016-08-17T01:00:21","guid":{"rendered":"https:\/\/www.futboltotal.com.mx\/?p=418392"},"modified":"2016-08-16T23:39:19","modified_gmt":"2016-08-17T04:39:19","slug":"chepo-la-torre-al-rescate-santos","status":"publish","type":"post","link":"http:\/\/desarrollo.grupomedios.com\/futbol\/destacado-home\/chepo-la-torre-al-rescate-santos\/2016\/08","title":{"rendered":"Chepo de la Torre, al rescate de Santos"},"content":{"rendered":"<p><strong>Jos\u00e9 Manuel de la Torre<\/strong> fue presentado esta tarde como nuevo t\u00e9cnico de <strong>Santos Laguna<\/strong>, en sustituci\u00f3n del argentino Luis Zubeld\u00eda, y su primer objetivo es sacar al equipo de los \u00faltimos lugares de la tabla general.<\/p>\n<blockquote><p>\u201cEstamos para ganar campeonatos y por eso estamos aqu\u00ed, para dar resultados al club.\u00a0Tenemos objetivos claros, que es la obtenci\u00f3n de la mayor cantidad de puntos, sabemos que no esta perdida la liga; est\u00e1 en nosotros poder lograr calificar y recomponer el camino, y para ello nos prepararemos lo mejor posible\u201d, afirm\u00f3 el <em><strong>Chepo<\/strong>.<\/em><\/p><\/blockquote>\n<p style=\"text-align: center;\"><a href=\"https:\/\/www.futboltotal.com.mx\/futbol-mexicano\/\"><span style=\"color: #3366ff;\"><strong>LEER M\u00c1S: Todas las noticias de futbol mexicano<\/strong><\/span><\/a><\/p>\n<blockquote class=\"twitter-tweet\" data-lang=\"es\">\n<p dir=\"ltr\" lang=\"es\">&#8220;Me siento muy honrado, comprometido y emocionado por dirigir a un equipo como <a href=\"https:\/\/twitter.com\/ClubSantos\">@ClubSantos<\/a>&#8221;<br \/>\n&#8211; <a href=\"https:\/\/twitter.com\/hashtag\/ChepoDeLaTorre?src=hash\">#ChepoDeLaTorre<\/a> <a href=\"https:\/\/t.co\/Six3ENrP6w\">pic.twitter.com\/Six3ENrP6w<\/a><\/p>\n<p>\u2014 ClubSantosLaguna (@ClubSantos) <a href=\"https:\/\/twitter.com\/ClubSantos\/status\/765693394416918528\">16 de agosto de 2016<\/a><\/p><\/blockquote>\n<p><script src=\"\/\/platform.twitter.com\/widgets.js\" async=\"\" charset=\"utf-8\"><\/script><br \/>\n <strong>De la Torre<\/strong>, que debuta el pr\u00f3ximo s\u00e1bado ante Cruz Azul, se\u00f1al\u00f3 que viendo al plantel, cuenta con un gran equipo al que deber\u00e1 encauzar para alcanzar esos objetivos que se trazaron en este proyecto con Santos en el que, dijo, los timoratos no tienen cabida.<\/p>\n<p>\u201cCon la caracter\u00edstica de ellos vemos un equipo muy din\u00e1mico vamos a hacerlo agresivo, no violento, alegre y que corresponda a las expectativas marcadas en La Comarca. Aqu\u00ed no caben los timoratos, todos deben hacer su m\u00e1ximo esfuerzo y si lo encauzamos veremos resultados\u201d, enfatiz\u00f3.\u00a0<\/p>\n<blockquote class=\"twitter-tweet\" data-lang=\"es\"><p>\n<a href=\"https:\/\/twitter.com\/hashtag\/EntrenamientoSantista?src=hash\">#EntrenamientoSantista<\/a>| Con gran ambiente nos mentalizamos para nuestro encuentro de este s\u00e1bado ante <a href=\"https:\/\/twitter.com\/Cruz_Azul_FC\">@Cruz_Azul_FC<\/a> <a href=\"https:\/\/t.co\/91QgBNW77P\">pic.twitter.com\/91QgBNW77P<\/a><\/p>\n<p>\u2014 ClubSantosLaguna (@ClubSantos) <a href=\"https:\/\/twitter.com\/ClubSantos\/status\/765704838738878464\">17 de agosto de 2016<\/a>\n<\/p><\/blockquote>\n<p><script src=\"\/\/platform.twitter.com\/widgets.js\" async=\"\" charset=\"utf-8\"><\/script><\/p>\n<p>&nbsp;<\/p>\n<p>La presentaci\u00f3n estuvo a cargo del presidente del club lagunero, Alejandro Irarragorri, quien, adem\u00e1s, present\u00f3 al cuerpo t\u00e9cnico del nuevo estratega, todo en las instalaciones del club en esta ciudad.<\/p>\n","protected":false},"excerpt":{"rendered":"<p>El estratega fue presentado este martes como DT de los Guerreros<\/p>\n","protected":false},"author":20,"featured_media":418393,"comment_status":"closed","ping_status":"closed","sticky":false,"template":"","format":"standard","meta":[],"categories":[5,2198,3845],"tags":[741,5972],"_links":{"self":[{"href":"http:\/\/desarrollo.grupomedios.com\/futbol\/wp-json\/wp\/v2\/posts\/418392"}],"collection":[{"href":"http:\/\/desarrollo.grupomedios.com\/futbol\/wp-json\/wp\/v2\/posts"}],"about":[{"href":"http:\/\/desarrollo.grupomedios.com\/futbol\/wp-json\/wp\/v2\/types\/post"}],"author":[{"embeddable":true,"href":"http:\/\/desarrollo.grupomedios.com\/futbol\/wp-json\/wp\/v2\/users\/20"}],"replies":[{"embeddable":true,"href":"http:\/\/desarrollo.grupomedios.com\/futbol\/wp-json\/wp\/v2\/comments?post=418392"}],"version-history":[{"count":0,"href":"http:\/\/desarrollo.grupomedios.com\/futbol\/wp-json\/wp\/v2\/posts\/418392\/revisions"}],"wp:featuredmedia":[{"embeddable":true,"href":"http:\/\/desarrollo.grupomedios.com\/futbol\/wp-json\/wp\/v2\/media\/418393"}],"wp:attachment":[{"href":"http:\/\/desarrollo.grupomedios.com\/futbol\/wp-json\/wp\/v2\/media?parent=418392"}],"wp:term":[{"taxonomy":"category","embeddable":true,"href":"http:\/\/desarrollo.grupomedios.com\/futbol\/wp-json\/wp\/v2\/categories?post=418392"},{"taxonomy":"post_tag","embeddable":true,"href":"http:\/\/desarrollo.grupomedios.com\/futbol\/wp-json\/wp\/v2\/tags?post=418392"}],"curies":[{"name":"wp","href":"https:\/\/api.w.org\/{rel}","templated":true}]}}