{"id":418397,"date":"2016-08-16T23:00:21","date_gmt":"2016-08-17T04:00:21","guid":{"rendered":"https:\/\/www.futboltotal.com.mx\/?p=418397"},"modified":"2016-08-17T00:10:22","modified_gmt":"2016-08-17T05:10:22","slug":"espinosa-orozco-buscan-semis-en-rio-2016","status":"publish","type":"post","link":"http:\/\/desarrollo.grupomedios.com\/futbol\/destacado-home\/espinosa-orozco-buscan-semis-en-rio-2016\/2016\/08","title":{"rendered":"Espinosa y Orozco buscan &#8216;semis&#8217; en R\u00edo 2016"},"content":{"rendered":"<p>Las mexicanas <strong>Alejandra Orozco<\/strong> y <strong>Paola Espinosa<\/strong> comenzar\u00e1n este mi\u00e9rcoles su participaci\u00f3n en los preliminares de la prueba individual desde la plataforma 10 metros en los Juegos Ol\u00edmpicos R\u00edo 2016, en busca de acceder a semifinales.<\/p>\n<p><strong>Espinosa<\/strong>, quien compite en sus cuarta cita veraniega, tratar\u00e1 de seguir su camino en busca de la ansiada medalla de forma individual en esta modalidad, toda vez que en Beijing 2008 y Londres 2012 gan\u00f3 bronce y plata, respectivamente, aunque en sincronizados.<\/p>\n<p style=\"text-align: center;\"><span style=\"color: #3366ff;\"><strong><a style=\"color: #3366ff;\" href=\"https:\/\/www.futboltotal.com.mx\/juegos-olimpicos-2016\/\">LEER M\u00c1S: Todas la noticias de Juegos Ol\u00edmpicos<\/a><\/strong><\/span><\/p>\n<p>Su compa\u00f1era y medallista hace cuatro a\u00f1os, Alejandra Orozco, tambi\u00e9n desea hacer historia y colgarse su primera presea individual en la justa, luego de que hace unos d\u00edas ambas quedaron fuera del podio en la competencia por parejas.<\/p>\n<p>Este mi\u00e9rcoles, a las 13:00 horas en el Centro Acu\u00e1tico Mar\u00eda Lenk, mostrar\u00e1n la preparaci\u00f3n que realizaron durante estos cuatro a\u00f1os, en busca de dar el primer paso rumbo a una so\u00f1ada presea.<\/p>\n<p>&nbsp;<\/p>\n","protected":false},"excerpt":{"rendered":"<p>Las mexicanas compiten en prueba individual en busca de semifinales<\/p>\n","protected":false},"author":20,"featured_media":418398,"comment_status":"closed","ping_status":"closed","sticky":false,"template":"","format":"standard","meta":[],"categories":[7269,7185,5,7182],"tags":[6813,5664],"_links":{"self":[{"href":"http:\/\/desarrollo.grupomedios.com\/futbol\/wp-json\/wp\/v2\/posts\/418397"}],"collection":[{"href":"http:\/\/desarrollo.grupomedios.com\/futbol\/wp-json\/wp\/v2\/posts"}],"about":[{"href":"http:\/\/desarrollo.grupomedios.com\/futbol\/wp-json\/wp\/v2\/types\/post"}],"author":[{"embeddable":true,"href":"http:\/\/desarrollo.grupomedios.com\/futbol\/wp-json\/wp\/v2\/users\/20"}],"replies":[{"embeddable":true,"href":"http:\/\/desarrollo.grupomedios.com\/futbol\/wp-json\/wp\/v2\/comments?post=418397"}],"version-history":[{"count":0,"href":"http:\/\/desarrollo.grupomedios.com\/futbol\/wp-json\/wp\/v2\/posts\/418397\/revisions"}],"wp:featuredmedia":[{"embeddable":true,"href":"http:\/\/desarrollo.grupomedios.com\/futbol\/wp-json\/wp\/v2\/media\/418398"}],"wp:attachment":[{"href":"http:\/\/desarrollo.grupomedios.com\/futbol\/wp-json\/wp\/v2\/media?parent=418397"}],"wp:term":[{"taxonomy":"category","embeddable":true,"href":"http:\/\/desarrollo.grupomedios.com\/futbol\/wp-json\/wp\/v2\/categories?post=418397"},{"taxonomy":"post_tag","embeddable":true,"href":"http:\/\/desarrollo.grupomedios.com\/futbol\/wp-json\/wp\/v2\/tags?post=418397"}],"curies":[{"name":"wp","href":"https:\/\/api.w.org\/{rel}","templated":true}]}}