{"id":418404,"date":"2016-08-17T09:17:02","date_gmt":"2016-08-17T14:17:02","guid":{"rendered":"https:\/\/www.futboltotal.com.mx\/?p=418404"},"modified":"2016-08-17T14:04:58","modified_gmt":"2016-08-17T19:04:58","slug":"mexicanos-debutan-triunfo-en-taekwondo-rio","status":"publish","type":"post","link":"http:\/\/desarrollo.grupomedios.com\/futbol\/juegos-olimpicos-2016\/mexicanos-debutan-triunfo-en-taekwondo-rio\/2016\/08","title":{"rendered":"Mexicanos debutan con triunfo en Taekwondo de R\u00edo"},"content":{"rendered":"<p>Este mi\u00e9rcoles dio inicio la participaci\u00f3n de M\u00e9xico en el Taekwondo, uno de los deportes donde se tiene esperanza de medalla dentro de los Juegos Ol\u00edmpicos de R\u00edo 2016, pues los mexicanos Itzel Manjarrez y Carlos Navarro, debutaron con un triunfo en los <strong>Juegos Ol\u00edmpicos<\/strong>.<\/p>\n<p>La primera en subir al tatami fue Itzel, que se present\u00f3 en la categor\u00eda de -49 kg. frente a Rosa Keleku y super\u00f3 a la congole\u00f1a con marcador de 9-5 para cnoseguir su clasificaci\u00f3n a los cuartos de final, donde enfrentar\u00e1 a la brasile\u00f1a Iris Sing, a las 13:00 hrs, tiempo del centro de M\u00e9xico.<\/p>\n<blockquote class=\"twitter-tweet\" data-lang=\"es\">\n<p dir=\"ltr\" lang=\"es\">Mexicanos <a href=\"https:\/\/twitter.com\/itzel_AMB\">@itzel_AMB<\/a> y <a href=\"https:\/\/twitter.com\/carlosnav_96\">@carlosnav_96<\/a> vs Iris Sing y Venilton Teixeira (BRA) 15:00 y 15:15 hrs (locales) en 4tos de final del tkd ol\u00edmpico<\/p>\n<p>\u2014 Comit\u00e9 Ol\u00edmpico MEX (@COM_Mexico) <a href=\"https:\/\/twitter.com\/COM_Mexico\/status\/765899499596308480\">17 de agosto de 2016<\/a><\/p><\/blockquote>\n<p><script src=\"\/\/platform.twitter.com\/widgets.js\" async=\"\" charset=\"utf-8\"><\/script><\/p>\n<p style=\"text-align: center;\"><span style=\"color: #3366ff;\"><a style=\"color: #3366ff;\" href=\"https:\/\/www.futboltotal.com.mx\/2016\/08\/en-vivo-brasil-vs-honduras\/\" target=\"_blank\">Leer m\u00e1s: Brasil y Neymar, en busca del sue\u00f1o dorado<\/a><\/span><\/p>\n<p>Por su parte, Carlos Navarro tambi\u00e9n sali\u00f3 triunfal en la categor\u00eda de -58 kg cuando se midi\u00f3 al representante de Libia, Yousef Shriha. El mexicano fue ampliamante superior y termin\u00f3 por vencer a su contricante con un marcador total de 23-9, para tambi\u00e9n lograr el pase a los cuartos de final.<\/p>\n<p>Navarro corri\u00f3 la misma suerte que Manjarrez y enfrentar\u00e1 a un taekwondo\u00edn brasile\u00f1o en la ronda de cuartos de final, pues a las 13:15 hrs se enfrentar\u00e1 a Venilton Tiexeira. En caso de que ambos consigan el triunfo, los mexicanos pelearan por medallas este mismo d\u00eda.<\/p>\n<p>&nbsp;<\/p>\n","protected":false},"excerpt":{"rendered":"<p>Ambos pelearan en los cuartos de final ante brasile\u00f1os<\/p>\n","protected":false},"author":20,"featured_media":418408,"comment_status":"closed","ping_status":"closed","sticky":false,"template":"","format":"standard","meta":[],"categories":[7269,7182,7188,7189],"tags":[1911],"_links":{"self":[{"href":"http:\/\/desarrollo.grupomedios.com\/futbol\/wp-json\/wp\/v2\/posts\/418404"}],"collection":[{"href":"http:\/\/desarrollo.grupomedios.com\/futbol\/wp-json\/wp\/v2\/posts"}],"about":[{"href":"http:\/\/desarrollo.grupomedios.com\/futbol\/wp-json\/wp\/v2\/types\/post"}],"author":[{"embeddable":true,"href":"http:\/\/desarrollo.grupomedios.com\/futbol\/wp-json\/wp\/v2\/users\/20"}],"replies":[{"embeddable":true,"href":"http:\/\/desarrollo.grupomedios.com\/futbol\/wp-json\/wp\/v2\/comments?post=418404"}],"version-history":[{"count":0,"href":"http:\/\/desarrollo.grupomedios.com\/futbol\/wp-json\/wp\/v2\/posts\/418404\/revisions"}],"wp:featuredmedia":[{"embeddable":true,"href":"http:\/\/desarrollo.grupomedios.com\/futbol\/wp-json\/wp\/v2\/media\/418408"}],"wp:attachment":[{"href":"http:\/\/desarrollo.grupomedios.com\/futbol\/wp-json\/wp\/v2\/media?parent=418404"}],"wp:term":[{"taxonomy":"category","embeddable":true,"href":"http:\/\/desarrollo.grupomedios.com\/futbol\/wp-json\/wp\/v2\/categories?post=418404"},{"taxonomy":"post_tag","embeddable":true,"href":"http:\/\/desarrollo.grupomedios.com\/futbol\/wp-json\/wp\/v2\/tags?post=418404"}],"curies":[{"name":"wp","href":"https:\/\/api.w.org\/{rel}","templated":true}]}}